{"id":1182,"date":"2023-07-05T12:31:55","date_gmt":"2023-07-05T12:31:55","guid":{"rendered":"http:\/\/bodega.olhus.dk\/?p=1182"},"modified":"2025-03-17T08:31:40","modified_gmt":"2025-03-17T08:31:40","slug":"frederiksberg-bredegade","status":"publish","type":"post","link":"https:\/\/bodega.olhus.dk\/?p=1182","title":{"rendered":"Frederiksberg Bredegade"},"content":{"rendered":"\n<h2 class=\"wp-block-heading alignfull\">Nr. 12<\/h2>\n\n\n\n<div class=\"wp-block-columns alignwide is-layout-flex wp-container-core-columns-is-layout-8f761849 wp-block-columns-is-layout-flex\">\n<div class=\"wp-block-column is-layout-flow wp-block-column-is-layout-flow\" style=\"flex-basis:100%\">\n<ul class=\"wp-block-list\">\n<li><strong>Sankt Georg Ordenen &#8211; 1927-1941<\/strong>\n<ul class=\"wp-block-list\">\n<li class=\"has-small-font-size\">1927-1928 &#8211; W. Christoffersen<\/li>\n\n\n\n<li class=\"has-small-font-size\">1929-1941 &#8211; Aa. E. Harup-Hansen<\/li>\n<\/ul>\n<\/li>\n<\/ul>\n<\/div>\n<\/div>\n\n\n\n<h2 class=\"wp-block-heading alignfull\">Nr. 22<\/h2>\n\n\n\n<div class=\"wp-block-columns alignwide is-layout-flex wp-container-core-columns-is-layout-8f761849 wp-block-columns-is-layout-flex\">\n<div class=\"wp-block-column is-layout-flow wp-block-column-is-layout-flow\" style=\"flex-basis:100%\">\n<ul class=\"wp-block-list\">\n<li><strong>Caf\u00e9 Haabet &#8211; 1900-1923<\/strong>\n<ul class=\"wp-block-list\">\n<li class=\"has-small-font-size\">1900-(1912) &#8211; Carl Christian Urban Larsen<\/li>\n\n\n\n<li class=\"has-small-font-size\">(1914)-1923 &#8211; Valdemar Hansen<\/li>\n<\/ul>\n<\/li>\n<\/ul>\n<\/div>\n<\/div>\n\n\n\n<h2 class=\"wp-block-heading alignfull\">Nr. 24<\/h2>\n\n\n\n<div class=\"wp-block-columns alignwide is-layout-flex wp-container-core-columns-is-layout-8f761849 wp-block-columns-is-layout-flex\">\n<div class=\"wp-block-column is-layout-flow wp-block-column-is-layout-flow\" style=\"flex-basis:100%\">\n<ul class=\"wp-block-list\">\n<li><strong>Caf\u00e9 Haabet &#8211; 1913-1941<\/strong>\n<ul class=\"wp-block-list\">\n<li class=\"has-small-font-size\">1913-1941 &#8211; Carl Christian Urban Larsen<\/li>\n<\/ul>\n<\/li>\n\n\n\n<li><strong>Nedrevet ca. 1942<\/strong><\/li>\n<\/ul>\n<\/div>\n<\/div>\n\n\n\n<blockquote class=\"wp-block-quote alignwide is-layout-flow wp-block-quote-is-layout-flow\">\n<p class=\"has-drop-cap wp-block-paragraph\"><strong>CAF\u00c9 HAABET<\/strong><br>Frederiksbergs gamle centrum ved Andebakken, var l\u00e6nge pr\u00e6get af\u00a0<em>\u201dprovinsiel idyl\u201d.<\/em><\/p>\n\n\n\n<p class=\"wp-block-paragraph\">Byen var&nbsp;<em>\u201dgenopst\u00e5et\u201d<\/em>&nbsp;i 1651, efter at Christian 4. i 1621 havde nedlagt landsbyen Solbjerg, for at anl\u00e6gge sin&nbsp;<em>\u201dLadeg\u00e5rd\u201d.<\/em>&nbsp;Men driften gik skidt, s\u00e5 Frederik 3. lod i 1651 lod 20 nederlandske b\u00f8nder fra Amager etablerer sig i&nbsp;<em>\u201dNy Amager\u201d<\/em>&nbsp;\u2013 eller&nbsp;<em>\u201dNy Holl\u00e6nderby\u201d<\/em>&nbsp;langs All\u00e9gade. Men den blev f\u00f8rst blev f\u00f8rst \u00f8delagt under den svenske belejring 1658-1660, og s\u00e5 br\u00e6ndte landsbyen ned i 1697. Nederl\u00e6nderne forsvandt efterh\u00e5nden, og mange af husene blev bev\u00e6rterhaver eller kroer, da kronprins Frederik (IV) i 1697 etablerede sin sommerresidens herude.<\/p>\n\n\n\n<p class=\"wp-block-paragraph\">Her opst\u00e5r navnet Frederiksberg, for slottet p\u00e5&nbsp;<em>\u201dbjerget\u201d.<\/em>&nbsp;Frederiksberg bliver selvst\u00e6ndig sognekommune i 1857. Frederiksberg Bredegade menes at v\u00e6re den gamle hovedgade i landsbyen Solbjerg, ned til gadek\u00e6ret ved Andebakken. Navnes ses f\u00f8rste gang som&nbsp;<em>\u201dBreed Gade\u201d&nbsp;<\/em>i 1811.<\/p>\n\n\n\n<p class=\"wp-block-paragraph\">Caf\u00e9 Haabet, i Frederiksberg Bredegade 24 var caf\u00e9, frokoststue og v\u00e6rtshus ved trakt\u00f8r Carl Larsen. Et af mange i den stadigt lidt isolerede&nbsp;<em>\u201domegns by\u201d.&nbsp;<\/em>Her har lokale h\u00e5ndv\u00e6rkere, chauff\u00f8rer, bude o.l. spist deres frokost, og beboerne i det dengang bedagede og ret t\u00e6t bebyggede omr\u00e5de, har kunne nyde en genstand eller flere efter fyraften.<\/p>\n\n\n\n<p class=\"wp-block-paragraph\">Da Frederiksbergs nuv\u00e6rende R\u00e5dhus opf\u00f8res 1942-1953, forsvandt meget af den gamle&nbsp;<em>\u201dprovinsielle idyl\u201d<\/em>&nbsp;ved Frederiksberg Bredegade. Frederiksberg Smallegade blev udvidet til hovedf\u00e6rdsels\u00e5ren.<\/p>\n\n\n\n<p class=\"wp-block-paragraph\">Det gamle provinsielle hus med restaurat\u00f8r Carl Larsen v\u00e6rtshus&nbsp;<em>&#8220;Cafe Haabet&#8221;&nbsp;<\/em>blev nedrevet, og omr\u00e5det udlagt som parkeringsplads bag R\u00e5dhuset.<\/p>\n\n\n<div class=\"wp-block-image\">\n<figure data-wp-context=\"{&quot;imageId&quot;:&quot;6a96632e80473&quot;}\" data-wp-interactive=\"core\/image\" data-wp-key=\"6a96632e80473\" class=\"aligncenter size-full wp-lightbox-container\"><img fetchpriority=\"high\" decoding=\"async\" width=\"800\" height=\"727\" data-wp-class--hide=\"state.isContentHidden\" data-wp-class--show=\"state.isContentVisible\" data-wp-init=\"callbacks.setButtonStyles\" data-wp-on--click=\"actions.showLightbox\" data-wp-on--load=\"callbacks.setButtonStyles\" data-wp-on--pointerdown=\"actions.preloadImage\" data-wp-on--pointerenter=\"actions.preloadImageWithDelay\" data-wp-on--pointerleave=\"actions.cancelPreload\" data-wp-on-window--resize=\"callbacks.setButtonStyles\" src=\"http:\/\/bodega.olhus.dk\/wp-content\/uploads\/2023\/07\/Frederiksberg-Bredegade-24-Cafe-Haabet-1940.png\" alt=\"\" class=\"wp-image-1183\" srcset=\"https:\/\/bodega.olhus.dk\/wp-content\/uploads\/2023\/07\/Frederiksberg-Bredegade-24-Cafe-Haabet-1940.png 800w, https:\/\/bodega.olhus.dk\/wp-content\/uploads\/2023\/07\/Frederiksberg-Bredegade-24-Cafe-Haabet-1940-300x273.png 300w, https:\/\/bodega.olhus.dk\/wp-content\/uploads\/2023\/07\/Frederiksberg-Bredegade-24-Cafe-Haabet-1940-768x698.png 768w\" sizes=\"(max-width: 800px) 100vw, 800px\" \/><button\n\t\t\tclass=\"lightbox-trigger\"\n\t\t\ttype=\"button\"\n\t\t\taria-haspopup=\"dialog\"\n\t\t\tdata-wp-bind--aria-label=\"state.thisImage.triggerButtonAriaLabel\"\n\t\t\tdata-wp-init=\"callbacks.initTriggerButton\"\n\t\t\tdata-wp-on--click=\"actions.showLightbox\"\n\t\t\tdata-wp-style--right=\"state.thisImage.buttonRight\"\n\t\t\tdata-wp-style--top=\"state.thisImage.buttonTop\"\n\t\t>\n\t\t\t<svg xmlns=\"http:\/\/www.w3.org\/2000\/svg\" width=\"12\" height=\"12\" fill=\"none\" viewBox=\"0 0 12 12\">\n\t\t\t\t<path fill=\"#fff\" d=\"M2 0a2 2 0 0 0-2 2v2h1.5V2a.5.5 0 0 1 .5-.5h2V0H2Zm2 10.5H2a.5.5 0 0 1-.5-.5V8H0v2a2 2 0 0 0 2 2h2v-1.5ZM8 12v-1.5h2a.5.5 0 0 0 .5-.5V8H12v2a2 2 0 0 1-2 2H8Zm2-12a2 2 0 0 1 2 2v2h-1.5V2a.5.5 0 0 0-.5-.5H8V0h2Z\" \/>\n\t\t\t<\/svg>\n\t\t<\/button><figcaption class=\"wp-element-caption\"><strong>Caf\u00e9 Haabet &#8211; 1940<\/strong><br><em>Foto: Frederiksberg Stadsarkiv<\/em><\/figcaption><\/figure>\n<\/div><cite>Tekst: <a href=\"https:\/\/www.facebook.com\/groups\/1086910964776824\/user\/1086303768\/?__cft__[0]=AZX5pm_Py6wHYM4lG0_6uo2TbHvJoLLbu5x9IYT6D1W5F3WDepqLKtDfFmqXmmdnWrarwVO-NSMN4RsfjgGjIs4DGFqQVOOERMsSFRdTg6Qfc6JuiXzW5hNiD9875j0hyqWrHg4h74al6EdqrGdUCOSaZSSrBP7j5JFZMLXfmda_NnIgai6SwdbjDH1H6V3KuhY&amp;__tn__=-UC%2CP-R\"><strong>Allan Mylius Thomsen<\/strong><\/a> &#8211; 2024<\/cite><\/blockquote>\n","protected":false},"excerpt":{"rendered":"<p>Nr. 12 Nr. 22 Nr. 24<\/p>\n","protected":false},"author":1,"featured_media":0,"comment_status":"open","ping_status":"open","sticky":false,"template":"","format":"standard","meta":{"ngg_post_thumbnail":0,"footnotes":""},"categories":[9],"tags":[],"class_list":["post-1182","post","type-post","status-publish","format-standard","hentry","category-frederiksberg"],"_links":{"self":[{"href":"https:\/\/bodega.olhus.dk\/index.php?rest_route=\/wp\/v2\/posts\/1182","targetHints":{"allow":["GET"]}}],"collection":[{"href":"https:\/\/bodega.olhus.dk\/index.php?rest_route=\/wp\/v2\/posts"}],"about":[{"href":"https:\/\/bodega.olhus.dk\/index.php?rest_route=\/wp\/v2\/types\/post"}],"author":[{"embeddable":true,"href":"https:\/\/bodega.olhus.dk\/index.php?rest_route=\/wp\/v2\/users\/1"}],"replies":[{"embeddable":true,"href":"https:\/\/bodega.olhus.dk\/index.php?rest_route=%2Fwp%2Fv2%2Fcomments&post=1182"}],"version-history":[{"count":27,"href":"https:\/\/bodega.olhus.dk\/index.php?rest_route=\/wp\/v2\/posts\/1182\/revisions"}],"predecessor-version":[{"id":17501,"href":"https:\/\/bodega.olhus.dk\/index.php?rest_route=\/wp\/v2\/posts\/1182\/revisions\/17501"}],"wp:attachment":[{"href":"https:\/\/bodega.olhus.dk\/index.php?rest_route=%2Fwp%2Fv2%2Fmedia&parent=1182"}],"wp:term":[{"taxonomy":"category","embeddable":true,"href":"https:\/\/bodega.olhus.dk\/index.php?rest_route=%2Fwp%2Fv2%2Fcategories&post=1182"},{"taxonomy":"post_tag","embeddable":true,"href":"https:\/\/bodega.olhus.dk\/index.php?rest_route=%2Fwp%2Fv2%2Ftags&post=1182"}],"curies":[{"name":"wp","href":"https:\/\/api.w.org\/{rel}","templated":true}]}}