{"id":1562,"date":"2023-07-12T07:30:04","date_gmt":"2023-07-12T07:30:04","guid":{"rendered":"http:\/\/bodega.olhus.dk\/?p=1562"},"modified":"2026-01-11T12:18:29","modified_gmt":"2026-01-11T12:18:29","slug":"smedegade","status":"publish","type":"post","link":"https:\/\/bodega.olhus.dk\/?p=1562","title":{"rendered":"Smedegade"},"content":{"rendered":"\n<details class=\"wp-block-details is-layout-flow wp-block-details-is-layout-flow\"><summary>Om gaden<\/summary>\n<p class=\"wp-block-paragraph\">Gaden blev anlagt omkring 1850 og blev i starten kaldt for&nbsp;<em>Bl\u00e5g\u00e5rds Bredgade<\/em>. Fik navnet <em>Smedegade<\/em> i 1859.<\/p>\n<\/details>\n\n\n\n<h2 class=\"wp-block-heading alignfull\">Nr. 2<\/h2>\n\n\n\n<div class=\"wp-block-columns alignwide is-layout-flex wp-container-core-columns-is-layout-8f761849 wp-block-columns-is-layout-flex\">\n<div class=\"wp-block-column is-layout-flow wp-block-column-is-layout-flow\" style=\"flex-basis:100%\">\n<ul class=\"wp-block-list\">\n<li><strong>Caf\u00e9 Thorup &#8211; (1962-1966)<\/strong>\n<ul class=\"wp-block-list\">\n<li>1962-1963 &#8211; Karen Borresen<\/li>\n<\/ul>\n<\/li>\n\n\n\n<li><strong>D\u00f8dens P\u00f8lse (1968)-1971<\/strong><\/li>\n<\/ul>\n<\/div>\n<\/div>\n\n\n<div class=\"wp-block-image\">\n<figure data-wp-context=\"{&quot;imageId&quot;:&quot;6a94fea389699&quot;}\" data-wp-interactive=\"core\/image\" data-wp-key=\"6a94fea389699\" class=\"aligncenter size-large is-resized wp-lightbox-container\"><img fetchpriority=\"high\" decoding=\"async\" width=\"1005\" height=\"1024\" data-wp-class--hide=\"state.isContentHidden\" data-wp-class--show=\"state.isContentVisible\" data-wp-init=\"callbacks.setButtonStyles\" data-wp-on--click=\"actions.showLightbox\" data-wp-on--load=\"callbacks.setButtonStyles\" data-wp-on--pointerdown=\"actions.preloadImage\" data-wp-on--pointerenter=\"actions.preloadImageWithDelay\" data-wp-on--pointerleave=\"actions.cancelPreload\" data-wp-on-window--resize=\"callbacks.setButtonStyles\" src=\"http:\/\/bodega.olhus.dk\/wp-content\/uploads\/2023\/07\/Smedegade-2-Cafe-Thorup-1966-1005x1024.png\" alt=\"\" class=\"wp-image-1563\" style=\"width:610px;height:auto\" srcset=\"https:\/\/bodega.olhus.dk\/wp-content\/uploads\/2023\/07\/Smedegade-2-Cafe-Thorup-1966-1005x1024.png 1005w, https:\/\/bodega.olhus.dk\/wp-content\/uploads\/2023\/07\/Smedegade-2-Cafe-Thorup-1966-295x300.png 295w, https:\/\/bodega.olhus.dk\/wp-content\/uploads\/2023\/07\/Smedegade-2-Cafe-Thorup-1966-768x782.png 768w, https:\/\/bodega.olhus.dk\/wp-content\/uploads\/2023\/07\/Smedegade-2-Cafe-Thorup-1966.png 1129w\" sizes=\"(max-width: 1005px) 100vw, 1005px\" \/><button\n\t\t\tclass=\"lightbox-trigger\"\n\t\t\ttype=\"button\"\n\t\t\taria-haspopup=\"dialog\"\n\t\t\tdata-wp-bind--aria-label=\"state.thisImage.triggerButtonAriaLabel\"\n\t\t\tdata-wp-init=\"callbacks.initTriggerButton\"\n\t\t\tdata-wp-on--click=\"actions.showLightbox\"\n\t\t\tdata-wp-style--right=\"state.thisImage.buttonRight\"\n\t\t\tdata-wp-style--top=\"state.thisImage.buttonTop\"\n\t\t>\n\t\t\t<svg xmlns=\"http:\/\/www.w3.org\/2000\/svg\" width=\"12\" height=\"12\" fill=\"none\" viewBox=\"0 0 12 12\">\n\t\t\t\t<path fill=\"#fff\" d=\"M2 0a2 2 0 0 0-2 2v2h1.5V2a.5.5 0 0 1 .5-.5h2V0H2Zm2 10.5H2a.5.5 0 0 1-.5-.5V8H0v2a2 2 0 0 0 2 2h2v-1.5ZM8 12v-1.5h2a.5.5 0 0 0 .5-.5V8H12v2a2 2 0 0 1-2 2H8Zm2-12a2 2 0 0 1 2 2v2h-1.5V2a.5.5 0 0 0-.5-.5H8V0h2Z\" \/>\n\t\t\t<\/svg>\n\t\t<\/button><figcaption class=\"wp-element-caption\"><strong>Caf\u00e9 Thorup &#8211; 1966<\/strong><br><em>Foto: K\u00f8benhavns Museum<\/em><\/figcaption><\/figure>\n<\/div>\n\n\n<h2 class=\"wp-block-heading alignfull\">Nr. 6<\/h2>\n\n\n\n<div class=\"wp-block-columns alignwide is-layout-flex wp-container-core-columns-is-layout-8f761849 wp-block-columns-is-layout-flex\">\n<div class=\"wp-block-column is-layout-flow wp-block-column-is-layout-flow\" style=\"flex-basis:100%\">\n<ul class=\"wp-block-list\">\n<li><strong>?<\/strong>\n<ul class=\"wp-block-list\">\n<li>(1903-1911) &#8211; O. Jensen<\/li>\n\n\n\n<li>(1920) &#8211; R. Phillipsen<\/li>\n\n\n\n<li>(1925)-1927 &#8211; C. Nielsen<\/li>\n\n\n\n<li>1928-1936 &#8211; K. Nielsen<\/li>\n<\/ul>\n<\/li>\n\n\n\n<li><strong>Smedekroen &#8211; 1937-1970<\/strong>\n<ul class=\"wp-block-list\">\n<li>1937-1956 &#8211; Ebba Rasmussen<\/li>\n\n\n\n<li>1957 &#8211; Svend Madsen<\/li>\n\n\n\n<li>1958-1970 &#8211; Axel Michael Elf<\/li>\n<\/ul>\n<\/li>\n<\/ul>\n<\/div>\n<\/div>\n\n\n\n<h2 class=\"wp-block-heading alignfull\">Nr. 11<\/h2>\n\n\n\n<div class=\"wp-block-columns alignwide is-layout-flex wp-container-core-columns-is-layout-8f761849 wp-block-columns-is-layout-flex\">\n<div class=\"wp-block-column is-layout-flow wp-block-column-is-layout-flow\" style=\"flex-basis:100%\">\n<ul class=\"wp-block-list\">\n<li><strong>?<\/strong> %1908-1910\n<ul class=\"wp-block-list\">\n<li>()-1890 &#8211; C. Andersen<\/li>\n\n\n\n<li>1891-1897 &#8211; H. C. Christiansen<\/li>\n\n\n\n<li>1898-1904 &#8211; C. N. Caspersen<\/li>\n\n\n\n<li>1905 &#8211; A. Petersen<\/li>\n\n\n\n<li>1906 &#8211; J. F. Andersen<\/li>\n\n\n\n<li>1907 &#8211; F. Wolffrom<\/li>\n<\/ul>\n<\/li>\n\n\n\n<li><strong>Haandv\u00e6rkercaf\u00e9en &#8211; 1915-1981<\/strong>\n<ul class=\"wp-block-list\">\n<li>1915-1917 &#8211; W. Laursen<\/li>\n\n\n\n<li>1918-1923 &#8211; S. Hansen<\/li>\n\n\n\n<li>1924-1933 &#8211; A. Hatting<\/li>\n\n\n\n<li>1934-(1959) &#8211; Elna Nielsen<\/li>\n\n\n\n<li>(1967) &#8211; Karen Borresen<\/li>\n<\/ul>\n<\/li>\n<\/ul>\n<\/div>\n<\/div>\n\n\n<div class=\"wp-block-image\">\n<figure data-wp-context=\"{&quot;imageId&quot;:&quot;6a94fea389c37&quot;}\" data-wp-interactive=\"core\/image\" data-wp-key=\"6a94fea389c37\" class=\"aligncenter size-large wp-lightbox-container\"><img decoding=\"async\" width=\"1024\" height=\"914\" data-wp-class--hide=\"state.isContentHidden\" data-wp-class--show=\"state.isContentVisible\" data-wp-init=\"callbacks.setButtonStyles\" data-wp-on--click=\"actions.showLightbox\" data-wp-on--load=\"callbacks.setButtonStyles\" data-wp-on--pointerdown=\"actions.preloadImage\" data-wp-on--pointerenter=\"actions.preloadImageWithDelay\" data-wp-on--pointerleave=\"actions.cancelPreload\" data-wp-on-window--resize=\"callbacks.setButtonStyles\" src=\"http:\/\/bodega.olhus.dk\/wp-content\/uploads\/2023\/07\/Smedegade-11-Haandvaerkercafeen-1959-1024x914.png\" alt=\"\" class=\"wp-image-1569\" srcset=\"https:\/\/bodega.olhus.dk\/wp-content\/uploads\/2023\/07\/Smedegade-11-Haandvaerkercafeen-1959-1024x914.png 1024w, https:\/\/bodega.olhus.dk\/wp-content\/uploads\/2023\/07\/Smedegade-11-Haandvaerkercafeen-1959-300x268.png 300w, https:\/\/bodega.olhus.dk\/wp-content\/uploads\/2023\/07\/Smedegade-11-Haandvaerkercafeen-1959-768x685.png 768w, https:\/\/bodega.olhus.dk\/wp-content\/uploads\/2023\/07\/Smedegade-11-Haandvaerkercafeen-1959.png 1150w\" sizes=\"(max-width: 1024px) 100vw, 1024px\" \/><button\n\t\t\tclass=\"lightbox-trigger\"\n\t\t\ttype=\"button\"\n\t\t\taria-haspopup=\"dialog\"\n\t\t\tdata-wp-bind--aria-label=\"state.thisImage.triggerButtonAriaLabel\"\n\t\t\tdata-wp-init=\"callbacks.initTriggerButton\"\n\t\t\tdata-wp-on--click=\"actions.showLightbox\"\n\t\t\tdata-wp-style--right=\"state.thisImage.buttonRight\"\n\t\t\tdata-wp-style--top=\"state.thisImage.buttonTop\"\n\t\t>\n\t\t\t<svg xmlns=\"http:\/\/www.w3.org\/2000\/svg\" width=\"12\" height=\"12\" fill=\"none\" viewBox=\"0 0 12 12\">\n\t\t\t\t<path fill=\"#fff\" d=\"M2 0a2 2 0 0 0-2 2v2h1.5V2a.5.5 0 0 1 .5-.5h2V0H2Zm2 10.5H2a.5.5 0 0 1-.5-.5V8H0v2a2 2 0 0 0 2 2h2v-1.5ZM8 12v-1.5h2a.5.5 0 0 0 .5-.5V8H12v2a2 2 0 0 1-2 2H8Zm2-12a2 2 0 0 1 2 2v2h-1.5V2a.5.5 0 0 0-.5-.5H8V0h2Z\" \/>\n\t\t\t<\/svg>\n\t\t<\/button><figcaption class=\"wp-element-caption\"><strong>Haandv\u00e6rkercaf\u00e9en &#8211; 1959<\/strong><br><em>Foto: K\u00f8benhavns Museum<\/em><\/figcaption><\/figure>\n<\/div>\n\n\n<blockquote class=\"wp-block-quote alignwide is-layout-flow wp-block-quote-is-layout-flow\">\n<p class=\"has-drop-cap wp-block-paragraph\"><strong>HAANDV\u00c6RKER CAFEEN<\/strong><br>Dateret 1970-erne. Yderv\u00e6ggene er dekoreret med malerier af h\u00e5ndv\u00e6rkere i deres traditionelle arbejdst\u00f8j. Mor med ungerne p\u00e5 vej ind. M\u00e5ske for at lede efter far. M\u00e5ske fordi mor tr\u00e6ngte til en lille forfriskning og selskab. Ejendommen er besat af&nbsp;<em>\u201dslumstormere\u201d,<\/em>&nbsp;i protest mod Egon Weidekamps sanerings- og nedrivningsplaner.<\/p>\n\n\n\n<p class=\"wp-block-paragraph\">Smedegade, bebygges som en af de f\u00f8rste p\u00e5 Bl\u00e5g\u00e5rdens jorde i 1853. I begyndelsen bliver gaden kaldt Bl\u00e5g\u00e5rds Bredgade, men bliver til Smedegade i 1859. Frem til saneringerne i 1970erne var gaden stadig pr\u00e6get af lave provinsielle huse og tunge korridorejendomme. Muregade navngives i 1861, som en af de nye gader p\u00e5 Bl\u00e5g\u00e5rdens jord. I kvarteret blev der opkaldt flere gader efter forskellige h\u00e5ndv\u00e6rk.<\/p>\n\n\n\n<p class=\"wp-block-paragraph\">I Smedegaden var der mange sm\u00e5 lokale v\u00e6rtshuse. De fungerede n\u00e6rmest som eksterne dagligstuer for beboerne i de sm\u00e5 korridorlejligheder. I Smedegade nr. 6 l\u00e5 Smedekroen. Om &#8220;Smedekroen&#8221; skrev v\u00e6rtshuskronik\u00f8ren Bent Zinglersen i sin bog \u201d<em>Sk\u00e5l K\u00f8benhavn\u201d: \u201dSmedekroen er N\u00f8rrebro p\u00e5 godt og ondt \u2013 mest godt, n\u00e5r man kender den rigtigt&#8230;\u201d<\/em><\/p>\n\n\n\n<p class=\"wp-block-paragraph\">Ud over Smedekroen n\u00e6vner K\u00f8benhavns R\u00e5dhusbiblioteks liste bl.a. ogs\u00e5&nbsp;<em>&#8220;Caf\u00e9 Randers&#8221;<\/em>&nbsp;i p\u00e5 hj\u00f8rnet af Thorupsgade nr. 12. Det skiftede navn til&nbsp;<em>\u201dD\u00f8dens P\u00f8lse\u201d.<\/em>&nbsp;Men i august 1971 overtog v\u00e6rtparret fra&nbsp;<em>&#8220;D\u00f8dens P\u00f8lse&#8221;<\/em>&nbsp;danserestauranten&nbsp;<em>&#8220;Danas Have&#8221;<\/em>&nbsp;p\u00e5 N\u00f8rrebrogade, efter at deres v\u00e6rtshus var blevet udsaneret fordi Murerg\u00e5rden skulle opf\u00f8res i 1973. P\u00e5 hj\u00f8rnet af Smedegade og T\u00f8mmergade l\u00e5 H\u00e5ndv\u00e6rker Caf\u00e9en.<\/p>\n\n\n\n<p class=\"wp-block-paragraph\">Det var en af de mange&nbsp;<em>\u201deksterne dagligstuer\u201d,<\/em>&nbsp;som l\u00e5 i&nbsp;<em>\u201dDen Sorte Firkant\u201d.<\/em>&nbsp;Lejlighederne var sm\u00e5, ofte tov\u00e6relses, hvor de b\u00f8rnerige familier boede. Derfor var der tradition for, at efter fyraften fik farmand en \u201dfyraftensbajer\u201d, eller en genstand medens mor lagde b\u00f8rnene i seng. Ofte samledes hele familien p\u00e5 v\u00e6rtshuset om s\u00f8ndagen. Far og mor n\u00f8d et par genstande, og b\u00f8rnene legede p\u00e5 gaden, eller fik om s\u00f8ndagen m\u00e5ske en sodavand. V\u00e6rtshusene lukkede normalt kl. 24, da g\u00e6sterne jo skulle op p\u00e5 arbejde n\u00e6ste dag. Men s\u00e5 \u00e5bnede de til geng\u00e6ld kl. 05. Hj\u00f8rneejendommen faldt, og en beboelsesejendom uden forretning st\u00e5r opf\u00f8rt i 1983. Alle v\u00e6rtshuse i Smedegade er i dag forsvundet.<\/p>\n\n\n<div class=\"wp-block-image\">\n<figure data-wp-context=\"{&quot;imageId&quot;:&quot;6a94fea38a22b&quot;}\" data-wp-interactive=\"core\/image\" data-wp-key=\"6a94fea38a22b\" class=\"aligncenter size-full wp-lightbox-container\"><img decoding=\"async\" width=\"590\" height=\"521\" data-wp-class--hide=\"state.isContentHidden\" data-wp-class--show=\"state.isContentVisible\" data-wp-init=\"callbacks.setButtonStyles\" data-wp-on--click=\"actions.showLightbox\" data-wp-on--load=\"callbacks.setButtonStyles\" data-wp-on--pointerdown=\"actions.preloadImage\" data-wp-on--pointerenter=\"actions.preloadImageWithDelay\" data-wp-on--pointerleave=\"actions.cancelPreload\" data-wp-on-window--resize=\"callbacks.setButtonStyles\" src=\"https:\/\/bodega.olhus.dk\/wp-content\/uploads\/2023\/07\/Smedegade-11-Haandvaerker-Cafeen.jpg\" alt=\"\" class=\"wp-image-20149\" srcset=\"https:\/\/bodega.olhus.dk\/wp-content\/uploads\/2023\/07\/Smedegade-11-Haandvaerker-Cafeen.jpg 590w, https:\/\/bodega.olhus.dk\/wp-content\/uploads\/2023\/07\/Smedegade-11-Haandvaerker-Cafeen-300x265.jpg 300w\" sizes=\"(max-width: 590px) 100vw, 590px\" \/><button\n\t\t\tclass=\"lightbox-trigger\"\n\t\t\ttype=\"button\"\n\t\t\taria-haspopup=\"dialog\"\n\t\t\tdata-wp-bind--aria-label=\"state.thisImage.triggerButtonAriaLabel\"\n\t\t\tdata-wp-init=\"callbacks.initTriggerButton\"\n\t\t\tdata-wp-on--click=\"actions.showLightbox\"\n\t\t\tdata-wp-style--right=\"state.thisImage.buttonRight\"\n\t\t\tdata-wp-style--top=\"state.thisImage.buttonTop\"\n\t\t>\n\t\t\t<svg xmlns=\"http:\/\/www.w3.org\/2000\/svg\" width=\"12\" height=\"12\" fill=\"none\" viewBox=\"0 0 12 12\">\n\t\t\t\t<path fill=\"#fff\" d=\"M2 0a2 2 0 0 0-2 2v2h1.5V2a.5.5 0 0 1 .5-.5h2V0H2Zm2 10.5H2a.5.5 0 0 1-.5-.5V8H0v2a2 2 0 0 0 2 2h2v-1.5ZM8 12v-1.5h2a.5.5 0 0 0 .5-.5V8H12v2a2 2 0 0 1-2 2H8Zm2-12a2 2 0 0 1 2 2v2h-1.5V2a.5.5 0 0 0-.5-.5H8V0h2Z\" \/>\n\t\t\t<\/svg>\n\t\t<\/button><figcaption class=\"wp-element-caption\">AI-renset screenshot. Med tak til&nbsp;<a href=\"https:\/\/www.facebook.com\/groups\/1086910964776824\/user\/1070817641\/?__cft__[0]=AZZQBcrS06MUZV5K5aBNChYYUUFjlB22lUPajFH_VwpC4LqRRX1vXAlT0m7TuVLgtdF7yedI_sXteB5qVD5uwGjhVODh6I43QAocR2c-4rzCnoVJYzFT5fhdIl-Oc_4z5fe81GiDZUURpyRbiz8AZ5Tr2gCsIHcwIZJ9g73fj4xgXTIzCPBkvOPar_pKwDqBOsoNCtJPu74rZjqarV7tBsvV&amp;__tn__=-]K-R\">Bente H\u00f8jgaard Gardarsson<\/a>.<\/figcaption><\/figure>\n<\/div>\n\n\n<p class=\"wp-block-paragraph\">Tekst: <a href=\"https:\/\/www.facebook.com\/groups\/1086910964776824\/user\/1086303768\/?__cft__[0]=AZZQBcrS06MUZV5K5aBNChYYUUFjlB22lUPajFH_VwpC4LqRRX1vXAlT0m7TuVLgtdF7yedI_sXteB5qVD5uwGjhVODh6I43QAocR2c-4rzCnoVJYzFT5fhdIl-Oc_4z5fe81GiDZUURpyRbiz8AZ5Tr2gCsIHcwIZJ9g73fj4xgXTIzCPBkvOPar_pKwDqBOsoNCtJPu74rZjqarV7tBsvV&amp;__tn__=-UC%2CP-R\">Allan Mylius Thomsen<\/a><\/p>\n<\/blockquote>\n\n\n\n<h2 class=\"wp-block-heading alignfull\">Nr. 12<\/h2>\n\n\n\n<div class=\"wp-block-columns alignwide is-layout-flex wp-container-core-columns-is-layout-8f761849 wp-block-columns-is-layout-flex\">\n<div class=\"wp-block-column is-layout-flow wp-block-column-is-layout-flow\" style=\"flex-basis:100%\">\n<ul class=\"wp-block-list\">\n<li><strong>Caf\u00e9 Randers &#8211; 1914-(1970)<\/strong>\n<ul class=\"wp-block-list\">\n<li>1914-(1926) &#8211; J. C. Ranners<\/li>\n\n\n\n<li>(1930)-1942 &#8211; C. Ranners<\/li>\n\n\n\n<li>1943-1949 &#8211; Julius Rasmussen<\/li>\n\n\n\n<li>1950-1951 &#8211; A. M. Olsen<\/li>\n\n\n\n<li>1952 &#8211; Ejnar Andersen<\/li>\n\n\n\n<li>1953-1954 &#8211; C. Rasmussen<\/li>\n\n\n\n<li>1955 &#8211; Elly Ebbesen<\/li>\n\n\n\n<li>1956-1958 &#8211; O. V. Christiansen<\/li>\n\n\n\n<li>1959-() &#8211; Alma Christiansen<\/li>\n\n\n\n<li>1967-() &#8211; Aase M\u00f8lholm<\/li>\n<\/ul>\n<\/li>\n<\/ul>\n<\/div>\n<\/div>\n","protected":false},"excerpt":{"rendered":"<p>Nr. 2 Nr. 6 Nr. 11 Nr. 12<\/p>\n","protected":false},"author":1,"featured_media":0,"comment_status":"open","ping_status":"open","sticky":false,"template":"","format":"standard","meta":{"ngg_post_thumbnail":0,"footnotes":""},"categories":[96],"tags":[],"class_list":["post-1562","post","type-post","status-publish","format-standard","hentry","category-noerrebro"],"_links":{"self":[{"href":"https:\/\/bodega.olhus.dk\/index.php?rest_route=\/wp\/v2\/posts\/1562","targetHints":{"allow":["GET"]}}],"collection":[{"href":"https:\/\/bodega.olhus.dk\/index.php?rest_route=\/wp\/v2\/posts"}],"about":[{"href":"https:\/\/bodega.olhus.dk\/index.php?rest_route=\/wp\/v2\/types\/post"}],"author":[{"embeddable":true,"href":"https:\/\/bodega.olhus.dk\/index.php?rest_route=\/wp\/v2\/users\/1"}],"replies":[{"embeddable":true,"href":"https:\/\/bodega.olhus.dk\/index.php?rest_route=%2Fwp%2Fv2%2Fcomments&post=1562"}],"version-history":[{"count":51,"href":"https:\/\/bodega.olhus.dk\/index.php?rest_route=\/wp\/v2\/posts\/1562\/revisions"}],"predecessor-version":[{"id":20925,"href":"https:\/\/bodega.olhus.dk\/index.php?rest_route=\/wp\/v2\/posts\/1562\/revisions\/20925"}],"wp:attachment":[{"href":"https:\/\/bodega.olhus.dk\/index.php?rest_route=%2Fwp%2Fv2%2Fmedia&parent=1562"}],"wp:term":[{"taxonomy":"category","embeddable":true,"href":"https:\/\/bodega.olhus.dk\/index.php?rest_route=%2Fwp%2Fv2%2Fcategories&post=1562"},{"taxonomy":"post_tag","embeddable":true,"href":"https:\/\/bodega.olhus.dk\/index.php?rest_route=%2Fwp%2Fv2%2Ftags&post=1562"}],"curies":[{"name":"wp","href":"https:\/\/api.w.org\/{rel}","templated":true}]}}