{"id":2515,"date":"2023-07-21T11:55:58","date_gmt":"2023-07-21T11:55:58","guid":{"rendered":"http:\/\/bodega.olhus.dk\/?p=2515"},"modified":"2026-02-17T12:01:17","modified_gmt":"2026-02-17T12:01:17","slug":"hoejbro-plads","status":"publish","type":"post","link":"https:\/\/bodega.olhus.dk\/?p=2515","title":{"rendered":"H\u00f8jbro Plads"},"content":{"rendered":"\n<details class=\"wp-block-details is-layout-flow wp-block-details-is-layout-flow\"><summary>Om pladsen<\/summary>\n<pre class=\"wp-block-preformatted\">Hvor pladsen er i dag, l\u00e5 indtil slutningen af 1700-tallet to sm\u00e5 gader, Store F\u00e6rgestr\u00e6de og&nbsp;H\u00f8jbrostr\u00e6de,&nbsp;der f\u00f8rte fra Amagertorv ned til stranden. F\u00e6rgestr\u00e6det fik sit navn, fordi der for enden af gaden sejlede en f\u00e6rge til Amager. Lidt mod \u00f8st l\u00e5&nbsp;Lille F\u00e6rgestr\u00e6de, der nu er forsvundet.<\/pre>\n<\/details>\n\n\n\n<h2 class=\"wp-block-heading alignfull\">Nr. 2<\/h2>\n\n\n\n<div class=\"wp-block-columns alignwide is-layout-flex wp-container-core-columns-is-layout-8f761849 wp-block-columns-is-layout-flex\">\n<div class=\"wp-block-column is-layout-flow wp-block-column-is-layout-flow\" style=\"flex-basis:100%\">\n<ul class=\"wp-block-list\">\n<li><strong>?<\/strong>\n<ul class=\"wp-block-list\">\n<li class=\"has-small-font-size\">1909-(1927) &#8211; N. P. Pedersen<\/li>\n<\/ul>\n<\/li>\n\n\n\n<li><strong>Kaf\u00e9 H\u00f8jbro &#8211; (1929)-1941<\/strong>\n<ul class=\"wp-block-list\">\n<li class=\"has-small-font-size\">(1929)-1933 &#8211; A. J\u00f8rgensen<\/li>\n\n\n\n<li class=\"has-small-font-size\">1934-1941 &#8211; R. A. Nicolaisen<\/li>\n<\/ul>\n<\/li>\n<\/ul>\n<\/div>\n<\/div>\n\n\n\n<h2 class=\"wp-block-heading alignfull\">Nr. 3<\/h2>\n\n\n\n<div class=\"wp-block-columns alignwide is-layout-flex wp-container-core-columns-is-layout-8f761849 wp-block-columns-is-layout-flex\">\n<div class=\"wp-block-column is-layout-flow wp-block-column-is-layout-flow\" style=\"flex-basis:100%\">\n<ul class=\"wp-block-list\">\n<li><strong>Christian IV &#8211; (1987-1993)<\/strong><\/li>\n\n\n\n<li><strong>Vertigo &#8211; (2009)<\/strong><\/li>\n\n\n\n<li><strong>Kant Bar &#8211; (2014-2017)<\/strong>\n<ul class=\"wp-block-list\">\n<li class=\"has-small-font-size\">2014-2017 &#8211; Dan Anton Johansen<\/li>\n<\/ul>\n<\/li>\n\n\n\n<li><strong>Caf\u00e9 Ursula &#8211; (2018-2019)<\/strong><\/li>\n\n\n\n<li><strong>Christian IV &#8211; 2019-(2022)<\/strong>\n<ul class=\"wp-block-list\">\n<li class=\"has-small-font-size\">2019- Peter Frederiksen<\/li>\n<\/ul>\n<\/li>\n\n\n\n<li><strong>4Tallet Live &#8211; 2024-<\/strong>\n<ul class=\"wp-block-list\">\n<li class=\"has-small-font-size\">2024- Andreas Viggo Larsen, Christian Viggo Larsen &amp; David Quentin D&#8217;Cruz<\/li>\n<\/ul>\n<\/li>\n<\/ul>\n<\/div>\n<\/div>\n\n\n\n<h2 class=\"wp-block-heading alignfull\">Nr. 15<\/h2>\n\n\n\n<div class=\"wp-block-columns alignwide is-layout-flex wp-container-core-columns-is-layout-8f761849 wp-block-columns-is-layout-flex\">\n<div class=\"wp-block-column is-layout-flow wp-block-column-is-layout-flow\" style=\"flex-basis:100%\">\n<ul class=\"wp-block-list\">\n<li><strong>H\u00f8jbro Plads C &#8211; 2013-<\/strong>\n<ul class=\"wp-block-list\">\n<li class=\"has-small-font-size\">2013- Yehia Ahmed Meged<\/li>\n<\/ul>\n<\/li>\n<\/ul>\n<\/div>\n<\/div>\n\n\n\n<h2 class=\"wp-block-heading alignfull\">Nr. 19<\/h2>\n\n\n\n<div class=\"wp-block-columns alignwide is-layout-flex wp-container-core-columns-is-layout-8f761849 wp-block-columns-is-layout-flex\">\n<div class=\"wp-block-column is-layout-flow wp-block-column-is-layout-flow\" style=\"flex-basis:100%\">\n<ul class=\"wp-block-list\">\n<li><strong>Sphinx &#8211; (1993)<\/strong><\/li>\n\n\n\n<li><strong>Restaurant Dix-Nauf &#8211; 2008-2010<\/strong><\/li>\n\n\n\n<li><strong>B\u00f8rs Bar &#8211; 2011-2013<\/strong>\n<ul class=\"wp-block-list\">\n<li class=\"has-small-font-size\">2011 &#8211; Jesper Semmy Basyouny &amp; Christina Wichmann Rosenkvist<\/li>\n\n\n\n<li class=\"has-small-font-size\">2011-2013 &#8211; Jesper Semmy Basyouny<\/li>\n<\/ul>\n<\/li>\n\n\n\n<li><strong>Guld Barren &#8211; (2014)<\/strong><\/li>\n\n\n\n<li><strong>No 64 &#8211; (2016)-2018<\/strong><\/li>\n\n\n\n<li><strong>Puss Puss &#8211; 2019-2020<\/strong>\n<ul class=\"wp-block-list\">\n<li class=\"has-small-font-size\">2019-2020 &#8211; Ted Filip Dako &amp; Francisco Tiago de Franca<\/li>\n<\/ul>\n<\/li>\n\n\n\n<li><strong>The Social Pub &#8211; 2021-<\/strong>\n<ul class=\"wp-block-list\">\n<li class=\"has-small-font-size\">2021- Susanne Br\u00f8nnum-Hyttel &amp; Marcus Ambrosius Br\u00f8nnum<\/li>\n<\/ul>\n<\/li>\n<\/ul>\n<\/div>\n<\/div>\n","protected":false},"excerpt":{"rendered":"<p>Nr. 2 Nr. 3 Nr. 15 Nr. 19<\/p>\n","protected":false},"author":1,"featured_media":0,"comment_status":"open","ping_status":"open","sticky":false,"template":"","format":"standard","meta":{"ngg_post_thumbnail":0,"footnotes":""},"categories":[5],"tags":[],"class_list":["post-2515","post","type-post","status-publish","format-standard","hentry","category-indre-by"],"_links":{"self":[{"href":"https:\/\/bodega.olhus.dk\/index.php?rest_route=\/wp\/v2\/posts\/2515","targetHints":{"allow":["GET"]}}],"collection":[{"href":"https:\/\/bodega.olhus.dk\/index.php?rest_route=\/wp\/v2\/posts"}],"about":[{"href":"https:\/\/bodega.olhus.dk\/index.php?rest_route=\/wp\/v2\/types\/post"}],"author":[{"embeddable":true,"href":"https:\/\/bodega.olhus.dk\/index.php?rest_route=\/wp\/v2\/users\/1"}],"replies":[{"embeddable":true,"href":"https:\/\/bodega.olhus.dk\/index.php?rest_route=%2Fwp%2Fv2%2Fcomments&post=2515"}],"version-history":[{"count":17,"href":"https:\/\/bodega.olhus.dk\/index.php?rest_route=\/wp\/v2\/posts\/2515\/revisions"}],"predecessor-version":[{"id":21356,"href":"https:\/\/bodega.olhus.dk\/index.php?rest_route=\/wp\/v2\/posts\/2515\/revisions\/21356"}],"wp:attachment":[{"href":"https:\/\/bodega.olhus.dk\/index.php?rest_route=%2Fwp%2Fv2%2Fmedia&parent=2515"}],"wp:term":[{"taxonomy":"category","embeddable":true,"href":"https:\/\/bodega.olhus.dk\/index.php?rest_route=%2Fwp%2Fv2%2Fcategories&post=2515"},{"taxonomy":"post_tag","embeddable":true,"href":"https:\/\/bodega.olhus.dk\/index.php?rest_route=%2Fwp%2Fv2%2Ftags&post=2515"}],"curies":[{"name":"wp","href":"https:\/\/api.w.org\/{rel}","templated":true}]}}