{"id":2928,"date":"2023-09-07T21:37:51","date_gmt":"2023-09-07T21:37:51","guid":{"rendered":"http:\/\/bodega.olhus.dk\/?p=2928"},"modified":"2026-02-19T08:53:11","modified_gmt":"2026-02-19T08:53:11","slug":"holger-danskes-vej","status":"publish","type":"post","link":"https:\/\/bodega.olhus.dk\/?p=2928","title":{"rendered":"Holger Danskes Vej"},"content":{"rendered":"\n<h2 class=\"wp-block-heading alignfull\">Nr. 17-19<\/h2>\n\n\n\n<div class=\"wp-block-columns alignwide is-layout-flex wp-container-core-columns-is-layout-8f761849 wp-block-columns-is-layout-flex\">\n<div class=\"wp-block-column is-layout-flow wp-block-column-is-layout-flow\" style=\"flex-basis:100%\">\n<ul class=\"wp-block-list\">\n<li><strong>Godthaab &#8211; 1921-1936<\/strong>\n<ul class=\"wp-block-list\">\n<li class=\"has-small-font-size\">1921-1929 &#8211; J. Larsen<\/li>\n\n\n\n<li class=\"has-small-font-size\">1930-1934 &#8211; L. Nielsen<\/li>\n\n\n\n<li class=\"has-small-font-size\">1935-1936 &#8211; Kay Hansen<\/li>\n<\/ul>\n<\/li>\n\n\n\n<li><strong>Caf\u00e9 Voss &#8211; 1937-1958<\/strong>\n<ul class=\"wp-block-list\">\n<li class=\"has-small-font-size\">1937-1957 &#8211; Hjalmar Emil Nikolai Voss<\/li>\n\n\n\n<li class=\"has-small-font-size\">1957-1958 &#8211; Dagmar Voss<\/li>\n<\/ul>\n<\/li>\n\n\n\n<li><strong>Roxy Kro &#8211; 1958-2015<\/strong>\n<ul class=\"wp-block-list\">\n<li class=\"has-small-font-size\">(1960-1961) &#8211; K. Rasmussen<\/li>\n\n\n\n<li>(1993) &#8211; Lis Jacobsen<\/li>\n\n\n\n<li class=\"has-small-font-size\">2002-2004 &#8211; Jette Strunge<\/li>\n\n\n\n<li class=\"has-small-font-size\">2009-2013 &#8211;&nbsp;Johnny Louis Jeffi Hansen,&nbsp;John Kim Rommedahl,&nbsp;Max Schadler &amp;&nbsp;Ole Weier<\/li>\n\n\n\n<li class=\"has-small-font-size\">2014-2015 &#8211; Hanne Degner<\/li>\n<\/ul>\n<\/li>\n<\/ul>\n<\/div>\n<\/div>\n\n\n\n<blockquote class=\"wp-block-quote alignwide is-layout-flow wp-block-quote-is-layout-flow\">\n<p class=\"has-drop-cap wp-block-paragraph\"><strong>ROXY KRO<\/strong><br>Roxy Kro var da den eksisterede et livligt og meget lokalt grundf\u00e6stet v\u00e6rtshus i det som kaldes sv\u00f8mmehalskvarteret p\u00e5 Frederiksberg. Vi er langt fra den \u00e6dle ende af bydelen, nok snarere hvad men med rette m\u00e5 karakterisere som Frederiksbergs arbejderkvarter, som engang husede gammeldags fabrikker og rygende skorstene. Foruden Roxy Kro l\u00e5 der i mange \u00e5r et andet v\u00e6rtshus i den h\u00f8je ende af Holger Danskes Vej, Cafe \u00c6r\u00f8, som der har v\u00e6ret skrevet om tidligere. Nu tilbage til nummer 19 hvor den glade v\u00e6rtshusg\u00e6nger allerede ude p\u00e5 fortovet blev forvarslet om hvad det gik ud p\u00e5 hos Roxy, foruden at styrke sig med tobak og spirituosa fra de forenede bryggerier. P\u00e5 indgangspartiet stod listet: &#8220;Vores dagligstue, Billard, Dart, Ren hygge&#8221;. Ikke s\u00e5 meget hokuspokus der og den sm\u00f8rgule stue udsmykket med plakater af t\u00f8rstige \u00f8lmaver og brune udsk\u00e5rne tr\u00e6paneler, udgjorde da ogs\u00e5 en fin ramme for trivsel og hygsomhed i den dunkle chambre s\u00e9par\u00e9e belysning. Man sad i klassisk m\u00f8blement af mormorbrunt tr\u00e6, som var godt friturestegt og bestandigt impr\u00e6gneret med \u00f8lrande og cigaretm\u00e6rker. Billardbordet stod midt i dagligstuen, der ogs\u00e5 husede baren, og blev primalskrigene for opslidende n\u00e5r den r\u00f8de billardkugle kom i keglerne, kunne man tr\u00e6kke sig tilbage til dartrummet bagerst, for der i ro, at lade dartpilene bestemme hvem der skulle give n\u00e6ste omgang, medens man diskutere de seneste sportsresultater og b\u00f8vlet med konen derhjemme.<\/p>\n\n\n\n<p class=\"wp-block-paragraph\">Roxy Kro virkede i \u00e5revis som om den levede et fint vibrerende liv med en fast skare af pilsner begejstrede ungersvende og \u00f8vrige fastboende, der snakkede, osede og sk\u00e5lede derudaf n\u00e5r man gik forbi, men pludselig en dag var det hele forbi.<\/p>\n\n\n\n<p class=\"wp-block-paragraph\">J\u00e6vnf\u00f8r CVR-registret blev Roxy Kro ApS opl\u00f8st efter konkurs den 4\/2 2013. Om hvorvidt stedet har v\u00e6ret fors\u00f8gt drevet videre efter denne dato, vides ikke. Under alle omst\u00e6ndigheder blev de tidligere v\u00e6rtshuslokaler lidt efter lidt konverteret til kontor, hvor i dag Bergs Potter holder til. Kun de udvendige flerfarvede lanterner og d\u00f8de lysreklame p\u00e5 siden, vidner om fordums storhed.<\/p>\n\n\n<div class=\"wp-block-image\">\n<figure class=\"aligncenter size-full\"><img fetchpriority=\"high\" decoding=\"async\" width=\"800\" height=\"600\" src=\"http:\/\/bodega.olhus.dk\/wp-content\/uploads\/2024\/05\/Holger-Danskes-Vej-19-Roxy-Kro-2.jpg\" alt=\"\" class=\"wp-image-12387\" srcset=\"https:\/\/bodega.olhus.dk\/wp-content\/uploads\/2024\/05\/Holger-Danskes-Vej-19-Roxy-Kro-2.jpg 800w, https:\/\/bodega.olhus.dk\/wp-content\/uploads\/2024\/05\/Holger-Danskes-Vej-19-Roxy-Kro-2-300x225.jpg 300w, https:\/\/bodega.olhus.dk\/wp-content\/uploads\/2024\/05\/Holger-Danskes-Vej-19-Roxy-Kro-2-768x576.jpg 768w\" sizes=\"(max-width: 800px) 100vw, 800px\" \/><figcaption class=\"wp-element-caption\"><em>Foto: Frederiksberg Stadsarkiv<\/em><\/figcaption><\/figure>\n<\/div>\n\n<div class=\"wp-block-image\">\n<figure class=\"aligncenter size-full\"><img decoding=\"async\" width=\"960\" height=\"720\" src=\"http:\/\/bodega.olhus.dk\/wp-content\/uploads\/2024\/05\/Holger-Danskes-Vej-19-Roxy-Kro-1.jpg\" alt=\"\" class=\"wp-image-12388\" srcset=\"https:\/\/bodega.olhus.dk\/wp-content\/uploads\/2024\/05\/Holger-Danskes-Vej-19-Roxy-Kro-1.jpg 960w, https:\/\/bodega.olhus.dk\/wp-content\/uploads\/2024\/05\/Holger-Danskes-Vej-19-Roxy-Kro-1-300x225.jpg 300w, https:\/\/bodega.olhus.dk\/wp-content\/uploads\/2024\/05\/Holger-Danskes-Vej-19-Roxy-Kro-1-768x576.jpg 768w\" sizes=\"(max-width: 960px) 100vw, 960px\" \/><figcaption class=\"wp-element-caption\"><em>Foto: www.foursquare.com<\/em><\/figcaption><\/figure>\n<\/div><cite>Tekst: <a href=\"https:\/\/www.facebook.com\/groups\/1086910964776824\/user\/1171029809\/?__cft__[0]=AZWV-2w8veOdisfmApKTBC3-ePwS8J3AGHrz1voxPCloHMtQSVtQ5wKqpvwqOKEo9OoTl-blRm7Qf7G1yBaa61Z5HiWrSUCg1HIREzZGWjTYLbbYO4xhzzRTFXG_lm-WK_nLmKRWMFwiB-mfV2xXhH6f4bRU_V-ZzQeaYvKvdw5jbNsZS6XWJTlYqvr5D93KPT_WWkAsduS77c7xZBpKn0rn&amp;__tn__=-UC%2CP-R\">Ask Winther<\/a> &#8211; 2020<\/cite><\/blockquote>\n\n\n\n<h2 class=\"wp-block-heading alignfull\">Nr. 64<\/h2>\n\n\n\n<div class=\"wp-block-columns alignwide is-layout-flex wp-container-core-columns-is-layout-8f761849 wp-block-columns-is-layout-flex\">\n<div class=\"wp-block-column is-layout-flow wp-block-column-is-layout-flow\" style=\"flex-basis:100%\">\n<ul class=\"wp-block-list\">\n<li><strong>Baryl &#8211; (2024)-<\/strong><\/li>\n<\/ul>\n<\/div>\n<\/div>\n\n\n\n<h2 class=\"wp-block-heading alignfull\">Nr. 85<\/h2>\n\n\n\n<div class=\"wp-block-columns alignwide is-layout-flex wp-container-core-columns-is-layout-8f761849 wp-block-columns-is-layout-flex\">\n<div class=\"wp-block-column is-layout-flow wp-block-column-is-layout-flow\" style=\"flex-basis:100%\">\n<ul class=\"wp-block-list\">\n<li><strong>Caf\u00e9 \u00c6r\u00f8 &#8211; 1922-2009<\/strong>\n<ul class=\"wp-block-list\">\n<li class=\"has-small-font-size\">1922-1926 &#8211; A. Binderup<\/li>\n\n\n\n<li class=\"has-small-font-size\">1927-1938 &#8211; Carl Vilhelm Christiansen<\/li>\n\n\n\n<li class=\"has-small-font-size\">1939-(1967) &#8211; Carla J\u00f8rgensen &amp; Carla Sofie Mortensen<\/li>\n\n\n\n<li class=\"has-small-font-size\"> Preben &amp; Bibi<\/li>\n\n\n\n<li>(1993) &#8211; Kjeld Freywald Jensen<\/li>\n\n\n\n<li class=\"has-small-font-size\">()-2009 &#8211; Kim Eriksen<\/li>\n\n\n\n<li><strong>Omdannet til lejlighed<\/strong><\/li>\n<\/ul>\n<\/li>\n<\/ul>\n<\/div>\n<\/div>\n\n\n\n<blockquote class=\"wp-block-quote alignwide is-layout-flow wp-block-quote-is-layout-flow\">\n<p class=\"has-drop-cap wp-block-paragraph\"><strong>CAF\u00c9 \u00c6R\u00d8<\/strong><\/p>\n\n\n\n<p class=\"wp-block-paragraph\">I mere end et halvt \u00e5rhundrede l\u00e5 det Frederiksbergske v\u00e6rtshus Caf\u00e9 \u00c6r\u00f8 p\u00e5 hj\u00f8rnet af Holger Danskes Vej og \u00c6r\u00f8vej og fristede de fyraftens t\u00f8rstige arbejdere fra de n\u00e6rtliggende fabrikker, herunder H.H. Mathiassens bolsjefabrik, Gea farmaceutisk fabrik og den store eddikefabrik overfor hvor familien Lange drev deres eddikebryggeri med dertilh\u00f8rende tapperi. Efter en lang og m\u00f8jefuld dag ved maskinerne kunne arbejderne, efter fyraftensfl\u00f8jten havde lydt, velfortjent s\u00e6tte sig tilrette ved Caf\u00e9 \u00c6r\u00f8&#8217;s borde og dr\u00f8mme om det sydfynske \u00f8hav, havfruer og pr\u00e6gtige sejlskibe medens \u00f8llet skummede i glassene som var det havets brus. Forbindelsen til s\u00f8en blev opretholdt af nogle maritime billeder, en udstoppet fuldrigger i flaske, lidt marinemessing og ko\u00f8jer, som engang har siddet p\u00e5 en skibsside for at give lys og luft til de inde fimsede kahytter. Nogle skibslanterner med kunstige sk\u00f8nhedsm\u00e6rker fra et postuleret langt nautisk liv med adskillige jordomsejlinger, lyste venligt sk\u00e6nkestuen op, som nok alligevel mere mindede om en provinsiel kaffebar prydet med blondegardiner og gr\u00f8nne stof duge p\u00e5 tr\u00e6bordene, end en krostue i \u00c6r\u00f8sk\u00f8bing. Bardisken var for enden af rummet modsat indgangsd\u00f8ren, hvorfra man let kunne holde \u00f8je med det hele og sporvogn linje 2, som op til 1969 raslede forbi udenfor i sin vendesl\u00f8jfe.<\/p>\n\n\n\n<p class=\"wp-block-paragraph\">Stedet var lokalt i h\u00f8jeste potens, omr\u00e5det arbejderkvarter, men efterh\u00e5nden som tiden skred frem forsvandt fabrikkerne og arbejderne, og dermed g\u00e6sterne. Boligmassen skiftede fra at v\u00e6re lejekaserner til bekostelige ejerboliger med et klientel der havde andre interesser end at g\u00e5 p\u00e5 v\u00e6rtshus. Cafe \u00c6r\u00f8 fik det sv\u00e6rt og stod i perioder lukket og trist. I 2005 kom der ny ejer og atter lys i s\u00f8mandslanternerne, men lige meget hjalp det. P\u00e5 en god aften sad der h\u00f8jest et par h\u00e6ngehoveder i baren p\u00e5 pause fra \u00e6gteskabet og det d\u00e5rlige vejr udenfor. I 2010 m\u00e5tte v\u00e6rtshusdriften opgives og stedte har siden v\u00e6ret beboelse. En epoke var forbi. Caf\u00e9 \u00c6r\u00f8 havde eksisteret siden 1940 jf. Kraks Vejviser.<\/p>\n\n\n<div class=\"wp-block-image\">\n<figure data-wp-context=\"{&quot;imageId&quot;:&quot;6a94cd09c4f14&quot;}\" data-wp-interactive=\"core\/image\" data-wp-key=\"6a94cd09c4f14\" class=\"aligncenter size-full wp-lightbox-container\"><img decoding=\"async\" width=\"600\" height=\"800\" data-wp-class--hide=\"state.isContentHidden\" data-wp-class--show=\"state.isContentVisible\" data-wp-init=\"callbacks.setButtonStyles\" data-wp-on--click=\"actions.showLightbox\" data-wp-on--load=\"callbacks.setButtonStyles\" data-wp-on--pointerdown=\"actions.preloadImage\" data-wp-on--pointerenter=\"actions.preloadImageWithDelay\" data-wp-on--pointerleave=\"actions.cancelPreload\" data-wp-on-window--resize=\"callbacks.setButtonStyles\" src=\"https:\/\/bodega.olhus.dk\/wp-content\/uploads\/2023\/09\/Holger-Danskes-Vej-85-Cafe-Aeroe.jpg\" alt=\"\" class=\"wp-image-15955\" srcset=\"https:\/\/bodega.olhus.dk\/wp-content\/uploads\/2023\/09\/Holger-Danskes-Vej-85-Cafe-Aeroe.jpg 600w, https:\/\/bodega.olhus.dk\/wp-content\/uploads\/2023\/09\/Holger-Danskes-Vej-85-Cafe-Aeroe-225x300.jpg 225w\" sizes=\"(max-width: 600px) 100vw, 600px\" \/><button\n\t\t\tclass=\"lightbox-trigger\"\n\t\t\ttype=\"button\"\n\t\t\taria-haspopup=\"dialog\"\n\t\t\tdata-wp-bind--aria-label=\"state.thisImage.triggerButtonAriaLabel\"\n\t\t\tdata-wp-init=\"callbacks.initTriggerButton\"\n\t\t\tdata-wp-on--click=\"actions.showLightbox\"\n\t\t\tdata-wp-style--right=\"state.thisImage.buttonRight\"\n\t\t\tdata-wp-style--top=\"state.thisImage.buttonTop\"\n\t\t>\n\t\t\t<svg xmlns=\"http:\/\/www.w3.org\/2000\/svg\" width=\"12\" height=\"12\" fill=\"none\" viewBox=\"0 0 12 12\">\n\t\t\t\t<path fill=\"#fff\" d=\"M2 0a2 2 0 0 0-2 2v2h1.5V2a.5.5 0 0 1 .5-.5h2V0H2Zm2 10.5H2a.5.5 0 0 1-.5-.5V8H0v2a2 2 0 0 0 2 2h2v-1.5ZM8 12v-1.5h2a.5.5 0 0 0 .5-.5V8H12v2a2 2 0 0 1-2 2H8Zm2-12a2 2 0 0 1 2 2v2h-1.5V2a.5.5 0 0 0-.5-.5H8V0h2Z\" \/>\n\t\t\t<\/svg>\n\t\t<\/button><figcaption class=\"wp-element-caption\">Foto: Frederiksberg Stadsarkiv &#8211; 2006<\/figcaption><\/figure>\n<\/div>\n\n\n<p class=\"wp-block-paragraph\">Tekst: <a href=\"https:\/\/www.facebook.com\/groups\/1086910964776824\/user\/1171029809\/?__cft__[0]=AZUn24SdM0paqKNzSKltz-__mDrvZ8_mT17ZK8ZojngFZsB3KwsQjnDk52Q9lLlwWRjGX4rJbwyfMkpb6lG7DhlyE0m0vYJPooY9XJXBzOa4amZmLxEeuTX-IU8o_UIv6euAnk3XwVqIB8b3Nh8W1q__TMuE8e9K0xSs39uQ0NRx_ypaUHRmyGaW0aUyJTZb7uEFjVRvIHECmC8KgABsol7N&amp;__tn__=-UC%2CP-R\">Ask Winther<\/a> &#8211; 2020<\/p>\n<\/blockquote>\n","protected":false},"excerpt":{"rendered":"<p>Nr. 17-19 Nr. 64 Nr. 85<\/p>\n","protected":false},"author":1,"featured_media":0,"comment_status":"open","ping_status":"open","sticky":false,"template":"","format":"standard","meta":{"ngg_post_thumbnail":0,"footnotes":""},"categories":[9],"tags":[],"class_list":["post-2928","post","type-post","status-publish","format-standard","hentry","category-frederiksberg"],"_links":{"self":[{"href":"https:\/\/bodega.olhus.dk\/index.php?rest_route=\/wp\/v2\/posts\/2928","targetHints":{"allow":["GET"]}}],"collection":[{"href":"https:\/\/bodega.olhus.dk\/index.php?rest_route=\/wp\/v2\/posts"}],"about":[{"href":"https:\/\/bodega.olhus.dk\/index.php?rest_route=\/wp\/v2\/types\/post"}],"author":[{"embeddable":true,"href":"https:\/\/bodega.olhus.dk\/index.php?rest_route=\/wp\/v2\/users\/1"}],"replies":[{"embeddable":true,"href":"https:\/\/bodega.olhus.dk\/index.php?rest_route=%2Fwp%2Fv2%2Fcomments&post=2928"}],"version-history":[{"count":21,"href":"https:\/\/bodega.olhus.dk\/index.php?rest_route=\/wp\/v2\/posts\/2928\/revisions"}],"predecessor-version":[{"id":21638,"href":"https:\/\/bodega.olhus.dk\/index.php?rest_route=\/wp\/v2\/posts\/2928\/revisions\/21638"}],"wp:attachment":[{"href":"https:\/\/bodega.olhus.dk\/index.php?rest_route=%2Fwp%2Fv2%2Fmedia&parent=2928"}],"wp:term":[{"taxonomy":"category","embeddable":true,"href":"https:\/\/bodega.olhus.dk\/index.php?rest_route=%2Fwp%2Fv2%2Fcategories&post=2928"},{"taxonomy":"post_tag","embeddable":true,"href":"https:\/\/bodega.olhus.dk\/index.php?rest_route=%2Fwp%2Fv2%2Ftags&post=2928"}],"curies":[{"name":"wp","href":"https:\/\/api.w.org\/{rel}","templated":true}]}}