{"id":2944,"date":"2023-09-07T21:57:02","date_gmt":"2023-09-07T21:57:02","guid":{"rendered":"http:\/\/bodega.olhus.dk\/?p=2944"},"modified":"2026-02-17T14:40:47","modified_gmt":"2026-02-17T14:40:47","slug":"kronprinsessegade","status":"publish","type":"post","link":"https:\/\/bodega.olhus.dk\/?p=2944","title":{"rendered":"Kronprinsessegade"},"content":{"rendered":"\n<details class=\"wp-block-details is-layout-flow wp-block-details-is-layout-flow\"><summary>Om gaden<\/summary>\n<p class=\"wp-block-paragraph\">Kronprinsessegade blev f\u00f8rst anlagt i 1795 efter den store brand i K\u00f8benhavn p\u00e5 initiativ af kronprins&nbsp;<em>Frederik&nbsp;<\/em>(den senere Frederik den 6.). Han lod gaden opkalde efter sin hustru, kronprinsesse&nbsp;<em>Marie Sophie Frederikke&nbsp;<\/em>(1767-1852).<\/p>\n<\/details>\n\n\n\n<h2 class=\"wp-block-heading alignfull\">Nr. 13<\/h2>\n\n\n\n<div class=\"wp-block-columns alignwide is-layout-flex wp-container-core-columns-is-layout-8f761849 wp-block-columns-is-layout-flex\">\n<div class=\"wp-block-column is-layout-flow wp-block-column-is-layout-flow\" style=\"flex-basis:100%\">\n<ul class=\"wp-block-list\">\n<li><strong>Konditori<\/strong>\n<ul class=\"wp-block-list\">\n<li>1890-1896 &#8211; G. Mohr<\/li>\n<\/ul>\n<\/li>\n\n\n\n<li><strong>?<\/strong>\n<ul class=\"wp-block-list\">\n<li>1897-1912 &#8211; C. C. Nielsen<\/li>\n\n\n\n<li>1913-1914 &#8211; M. Nielsen<\/li>\n\n\n\n<li>1915-1924 &#8211; H. Petersen<\/li>\n<\/ul>\n<\/li>\n\n\n\n<li><strong>Restaurant Kongens Have &#8211; 1925-(2004)<\/strong>\n<ul class=\"wp-block-list\">\n<li>1925-1942 &#8211; A. Pedersen<\/li>\n\n\n\n<li>1943-(1945) &#8211; Gerda Pedersen<\/li>\n\n\n\n<li>(1947)-1953 &#8211; Christian Hjorth<\/li>\n\n\n\n<li>1954 &#8211; Valborg Hjorth<\/li>\n\n\n\n<li>1955-1957 &#8211; Salome Bro<\/li>\n\n\n\n<li>1958-(1967) &#8211; Bertha Bro<\/li>\n\n\n\n<li>Hanne &amp; Ole Bro<\/li>\n<\/ul>\n<\/li>\n\n\n\n<li><strong>Geranium &#8211; (2009<\/strong>)<\/li>\n\n\n\n<li><strong>Orangeriet &#8211; 2010-<\/strong><\/li>\n<\/ul>\n\n\n<div class=\"wp-block-image\">\n<figure data-wp-context=\"{&quot;imageId&quot;:&quot;6a94ebb3e48c4&quot;}\" data-wp-interactive=\"core\/image\" data-wp-key=\"6a94ebb3e48c4\" class=\"aligncenter size-full wp-lightbox-container\"><img fetchpriority=\"high\" decoding=\"async\" width=\"720\" height=\"520\" data-wp-class--hide=\"state.isContentHidden\" data-wp-class--show=\"state.isContentVisible\" data-wp-init=\"callbacks.setButtonStyles\" data-wp-on--click=\"actions.showLightbox\" data-wp-on--load=\"callbacks.setButtonStyles\" data-wp-on--pointerdown=\"actions.preloadImage\" data-wp-on--pointerenter=\"actions.preloadImageWithDelay\" data-wp-on--pointerleave=\"actions.cancelPreload\" data-wp-on-window--resize=\"callbacks.setButtonStyles\" src=\"https:\/\/bodega.olhus.dk\/wp-content\/uploads\/2023\/09\/Kronprinsessegade-13-Restaurant-Kongens-Have.jpg\" alt=\"\" class=\"wp-image-19506\" srcset=\"https:\/\/bodega.olhus.dk\/wp-content\/uploads\/2023\/09\/Kronprinsessegade-13-Restaurant-Kongens-Have.jpg 720w, https:\/\/bodega.olhus.dk\/wp-content\/uploads\/2023\/09\/Kronprinsessegade-13-Restaurant-Kongens-Have-300x217.jpg 300w\" sizes=\"(max-width: 720px) 100vw, 720px\" \/><button\n\t\t\tclass=\"lightbox-trigger\"\n\t\t\ttype=\"button\"\n\t\t\taria-haspopup=\"dialog\"\n\t\t\tdata-wp-bind--aria-label=\"state.thisImage.triggerButtonAriaLabel\"\n\t\t\tdata-wp-init=\"callbacks.initTriggerButton\"\n\t\t\tdata-wp-on--click=\"actions.showLightbox\"\n\t\t\tdata-wp-style--right=\"state.thisImage.buttonRight\"\n\t\t\tdata-wp-style--top=\"state.thisImage.buttonTop\"\n\t\t>\n\t\t\t<svg xmlns=\"http:\/\/www.w3.org\/2000\/svg\" width=\"12\" height=\"12\" fill=\"none\" viewBox=\"0 0 12 12\">\n\t\t\t\t<path fill=\"#fff\" d=\"M2 0a2 2 0 0 0-2 2v2h1.5V2a.5.5 0 0 1 .5-.5h2V0H2Zm2 10.5H2a.5.5 0 0 1-.5-.5V8H0v2a2 2 0 0 0 2 2h2v-1.5ZM8 12v-1.5h2a.5.5 0 0 0 .5-.5V8H12v2a2 2 0 0 1-2 2H8Zm2-12a2 2 0 0 1 2 2v2h-1.5V2a.5.5 0 0 0-.5-.5H8V0h2Z\" \/>\n\t\t\t<\/svg>\n\t\t<\/button><figcaption class=\"wp-element-caption\"><strong>Restaurant Kongens Have<\/strong><br><em>Foto: <a href=\"https:\/\/www.facebook.com\/groups\/1086910964776824\/user\/100002909272442\/?__cft__[0]=AZX0zYS39AJB8XuJJJGHHLsGQZuTK6mQLPB9vu6r1ArmlEKnfaHJf7sSojb9w5J6Wt94J6YTA-KNrh7nZNTE_hl9mLUcKSsKUQj8f5bmZGdXf8bXOXCvcrFLnM1O-LkGB-_PDH0jDKzSdDubWsrUSAciI4HmDW4bB29tGBGQ8w0V2GiYK25nWYb_RmAaMm-S_vk8U8Qz0ziGipnO5I1VD6Nr&amp;__tn__=-UC%2CP-R\">John Duurloo<\/a><\/em><\/figcaption><\/figure>\n<\/div><\/div>\n<\/div>\n\n\n\n<h2 class=\"wp-block-heading alignfull\">Nr. 46<\/h2>\n\n\n\n<div class=\"wp-block-columns alignwide is-layout-flex wp-container-core-columns-is-layout-8f761849 wp-block-columns-is-layout-flex\">\n<div class=\"wp-block-column is-layout-flow wp-block-column-is-layout-flow\" style=\"flex-basis:100%\">\n<ul class=\"wp-block-list\">\n<li><strong>Ingeni\u00f8rcaf\u00e9en &#8211; 1915-(1980)<\/strong><br><em>Kaldet N\u00f8ren<\/em>\n<ul class=\"wp-block-list\">\n<li>1915-1935 &#8211; Jens Christian Christiansen<\/li>\n\n\n\n<li>1936-1939 &#8211; Knud Otto Christensen<\/li>\n\n\n\n<li>1940-1950 &#8211; Kr. Gjerland<\/li>\n\n\n\n<li>1951-(1958) &#8211; Kaj L. Jensen<\/li>\n\n\n\n<li>(1967) &#8211; Elis Frederiksen<\/li>\n<\/ul>\n<\/li>\n\n\n\n<li><strong>Nu: Tandl\u00e6ge<\/strong><\/li>\n<\/ul>\n<\/div>\n<\/div>\n\n\n<div class=\"wp-block-image\">\n<figure class=\"aligncenter size-large\"><img decoding=\"async\" width=\"1024\" height=\"723\" src=\"http:\/\/bodega.olhus.dk\/wp-content\/uploads\/2024\/04\/Kronprinsessegade-46-Ingenioer-Cafeen-1024x723.jpg\" alt=\"\" class=\"wp-image-11674\" srcset=\"https:\/\/bodega.olhus.dk\/wp-content\/uploads\/2024\/04\/Kronprinsessegade-46-Ingenioer-Cafeen-1024x723.jpg 1024w, https:\/\/bodega.olhus.dk\/wp-content\/uploads\/2024\/04\/Kronprinsessegade-46-Ingenioer-Cafeen-300x212.jpg 300w, https:\/\/bodega.olhus.dk\/wp-content\/uploads\/2024\/04\/Kronprinsessegade-46-Ingenioer-Cafeen-768x542.jpg 768w, https:\/\/bodega.olhus.dk\/wp-content\/uploads\/2024\/04\/Kronprinsessegade-46-Ingenioer-Cafeen.jpg 1150w\" sizes=\"(max-width: 1024px) 100vw, 1024px\" \/><figcaption class=\"wp-element-caption\"><strong>Ingeni\u00f8r Cafen<\/strong><br><em>Foto: K\u00f8benhavns Museum<\/em><\/figcaption><\/figure>\n<\/div>\n\n\n<blockquote class=\"wp-block-quote alignwide is-layout-flow wp-block-quote-is-layout-flow\">\n<p class=\"has-drop-cap wp-block-paragraph\"><strong>INGENI\u00d8R CAF\u00c9EN<\/strong><br>Kaldet&nbsp;<em>&#8220;N\u00f8ren&#8221;&nbsp;<\/em>med et lille podie til levende musik. If\u00f8lge Krak har der v\u00e6ret restauration p\u00e5 adressen siden 1918. If\u00f8lge visse kilder, skyldes v\u00e6rtshusets navn, at den Polyteknisk L\u00e6reanstalt i 1890 var flyttet til S\u00f8lvgade. S\u00e5 man ville tiltr\u00e6kke de ingeni\u00f8r studerende derfra.<\/p>\n\n\n\n<p class=\"wp-block-paragraph\">Kronprinsessegade var anlagt 1804 i Rosenborg Slots&nbsp;<em>\u201dk\u00e5lhave\u201d&nbsp;<\/em>op mod Adelgade, efter bybranden i 1795. Planen havde v\u00e6ret, at der skulle bygges n\u00f8dboliger til de mange husvilde efter storbranden. Men gade blev i stedet pr\u00e6get af statelige borgerhuse, med udsigt over Kongens Have. Oprindeligt gik gaden kun til S\u00f8lvgade, men ved et gadegennembrud i 1931 forl\u00e6nges den gennem Nyboder op til Gr\u00f8nningen.<\/p>\n\n\n\n<p class=\"wp-block-paragraph\">Den statelige ejendom blev opf\u00f8rt som milit\u00e6r kasserne med l\u00e6nge i g\u00e5rden samt portpiller i etaper 1803 \/ 1805 \/ 1807, med henholdsvis Frantz Philip Lange (1756-1805), Andreas Hallander (1755-1828) og J. H. Rawert (1751-1823) som arkitekter. I tilf\u00e6lde af mobilisering kunne kasernen rumme 300 mand. Efter milit\u00e6ret r\u00f8mmede bygningen blev den ombygget til lejligheder, med forretning i gadeplan.<\/p>\n\n\n\n<p class=\"wp-block-paragraph\">Ingeni\u00f8r Cafen skal have v\u00e6ret et livligt sted. Fra kl. 16.30 til kl. 19.00 var der hyggepianist. Her overtog s\u00e5 en trio underholdningen, og spillede op til dans til kl. 01.<\/p>\n\n\n\n<p class=\"wp-block-paragraph\">If\u00f8lge Krak har der v\u00e6ret restauration p\u00e5 adressen siden 1918. Sidste gang Ingeni\u00f8r Cafen registreres i Krak er i 1976.<\/p>\n\n\n\n<figure class=\"wp-block-image size-large\"><img decoding=\"async\" width=\"1024\" height=\"631\" src=\"http:\/\/bodega.olhus.dk\/wp-content\/uploads\/2023\/11\/Kronprinsessegade-46-Ingenioer-Cafen-1024x631.jpg\" alt=\"\" class=\"wp-image-5540\" srcset=\"https:\/\/bodega.olhus.dk\/wp-content\/uploads\/2023\/11\/Kronprinsessegade-46-Ingenioer-Cafen-1024x631.jpg 1024w, https:\/\/bodega.olhus.dk\/wp-content\/uploads\/2023\/11\/Kronprinsessegade-46-Ingenioer-Cafen-300x185.jpg 300w, https:\/\/bodega.olhus.dk\/wp-content\/uploads\/2023\/11\/Kronprinsessegade-46-Ingenioer-Cafen-768x473.jpg 768w, https:\/\/bodega.olhus.dk\/wp-content\/uploads\/2023\/11\/Kronprinsessegade-46-Ingenioer-Cafen.jpg 1112w\" sizes=\"(max-width: 1024px) 100vw, 1024px\" \/><\/figure>\n<cite>Tekst: <a href=\"https:\/\/www.facebook.com\/groups\/1086910964776824\/user\/1086303768\/?__cft__[0]=AZXDdrb8pVaxK0O4TyCHvZ1y7sQQNkLoGXpdNMNoQOb0GElEvhxuOsbXfwba0EES-KM2-v-DiSBVtHFdomoXzgFx_WHdN5bcdZog9_NprVt31XtyELzPr_phZjB1rAv8iL_um-Vi4yMwmxWROdNvzpxi9Vlyt13fDo4AW72Yhi02iV2Da-BZapM1mrLxReekvHg&amp;__tn__=-UC%2CP-R]-R\">Allan Mylius Thomsen<\/a> &#8211; 2023<\/cite><\/blockquote>\n\n\n\n<h2 class=\"wp-block-heading alignfull\">Nr. 54<\/h2>\n\n\n\n<div class=\"wp-block-columns alignwide is-layout-flex wp-container-core-columns-is-layout-8f761849 wp-block-columns-is-layout-flex\">\n<div class=\"wp-block-column is-layout-flow wp-block-column-is-layout-flow\" style=\"flex-basis:100%\">\n<ul class=\"wp-block-list\">\n<li><strong>Restaurant Filuka &#8211; (1993)<\/strong>\n<ul class=\"wp-block-list\">\n<li>(1993) &#8211; Ibrahim Khalil<\/li>\n<\/ul>\n<\/li>\n<\/ul>\n<\/div>\n<\/div>\n\n\n\n<h2 class=\"wp-block-heading alignfull\">Nr. 64<\/h2>\n\n\n\n<div class=\"wp-block-columns alignwide is-layout-flex wp-container-core-columns-is-layout-8f761849 wp-block-columns-is-layout-flex\">\n<div class=\"wp-block-column is-layout-flow wp-block-column-is-layout-flow\" style=\"flex-basis:100%\">\n<ul class=\"wp-block-list\">\n<li><strong>Boserups K\u00e6rlighed &#8211; 1993-1995<\/strong>\n<ul class=\"wp-block-list\">\n<li>1993-1995 &#8211; Henrik&nbsp;Boserup<\/li>\n<\/ul>\n<\/li>\n\n\n\n<li><strong>Kokkeriet &#8211; 1996-<\/strong>\n<ul class=\"wp-block-list\">\n<li>2001-2015 &#8211; Mikkel Shafi &amp; Sammy Elton Shafi<\/li>\n\n\n\n<li>2015 &#8211; Sammy Elton Shafi<\/li>\n<\/ul>\n<\/li>\n<\/ul>\n<\/div>\n<\/div>\n","protected":false},"excerpt":{"rendered":"<p>Nr. 13 Nr. 46 Nr. 54 Nr. 64<\/p>\n","protected":false},"author":1,"featured_media":0,"comment_status":"open","ping_status":"open","sticky":false,"template":"","format":"standard","meta":{"ngg_post_thumbnail":0,"footnotes":""},"categories":[6],"tags":[],"class_list":["post-2944","post","type-post","status-publish","format-standard","hentry","category-oesterbro"],"_links":{"self":[{"href":"https:\/\/bodega.olhus.dk\/index.php?rest_route=\/wp\/v2\/posts\/2944","targetHints":{"allow":["GET"]}}],"collection":[{"href":"https:\/\/bodega.olhus.dk\/index.php?rest_route=\/wp\/v2\/posts"}],"about":[{"href":"https:\/\/bodega.olhus.dk\/index.php?rest_route=\/wp\/v2\/types\/post"}],"author":[{"embeddable":true,"href":"https:\/\/bodega.olhus.dk\/index.php?rest_route=\/wp\/v2\/users\/1"}],"replies":[{"embeddable":true,"href":"https:\/\/bodega.olhus.dk\/index.php?rest_route=%2Fwp%2Fv2%2Fcomments&post=2944"}],"version-history":[{"count":43,"href":"https:\/\/bodega.olhus.dk\/index.php?rest_route=\/wp\/v2\/posts\/2944\/revisions"}],"predecessor-version":[{"id":21399,"href":"https:\/\/bodega.olhus.dk\/index.php?rest_route=\/wp\/v2\/posts\/2944\/revisions\/21399"}],"wp:attachment":[{"href":"https:\/\/bodega.olhus.dk\/index.php?rest_route=%2Fwp%2Fv2%2Fmedia&parent=2944"}],"wp:term":[{"taxonomy":"category","embeddable":true,"href":"https:\/\/bodega.olhus.dk\/index.php?rest_route=%2Fwp%2Fv2%2Fcategories&post=2944"},{"taxonomy":"post_tag","embeddable":true,"href":"https:\/\/bodega.olhus.dk\/index.php?rest_route=%2Fwp%2Fv2%2Ftags&post=2944"}],"curies":[{"name":"wp","href":"https:\/\/api.w.org\/{rel}","templated":true}]}}