{"id":5179,"date":"2023-11-11T18:20:18","date_gmt":"2023-11-11T18:20:18","guid":{"rendered":"http:\/\/bodega.olhus.dk\/?p=5179"},"modified":"2026-01-10T15:59:50","modified_gmt":"2026-01-10T15:59:50","slug":"polititorvet","status":"publish","type":"post","link":"https:\/\/bodega.olhus.dk\/?p=5179","title":{"rendered":"Polititorvet"},"content":{"rendered":"\n<h2 class=\"wp-block-heading alignfull\">Nr. 5<\/h2>\n\n\n\n<div class=\"wp-block-columns alignwide is-layout-flex wp-container-core-columns-is-layout-8f761849 wp-block-columns-is-layout-flex\">\n<div class=\"wp-block-column is-layout-flow wp-block-column-is-layout-flow\" style=\"flex-basis:100%\">\n<ul class=\"wp-block-list\">\n<li><strong>Polititorvets Caf\u00e9 &#8211; 1935-1961<\/strong>\n<ul class=\"wp-block-list\">\n<li>1935-1948 &#8211; N. P. Knudsen<\/li>\n\n\n\n<li>1948-(1959) &#8211; Marie Knudsen<\/li>\n<\/ul>\n<\/li>\n<\/ul>\n\n\n\n<blockquote class=\"wp-block-quote is-layout-flow wp-block-quote-is-layout-flow\">\n<p class=\"has-drop-cap wp-block-paragraph\"><strong>POLITITORVETS CAF\u00c9<\/strong><br>I 1908 besluttede Borgerrepr\u00e6sentationen at indrette en salgs- og slagtehal for svinek\u00f8d, fjerkr\u00e6 m. m. Den opf\u00f8rtes i 1909 p\u00e5 pladsen mellem Godsbaneg\u00e5rden og Kalvebod Brygge (det nuv\u00e6rende Polititorv) og ben\u00e6vntes&nbsp;<em>\u201dK\u00f8benhavns Fl\u00e6skehal\u201d.<\/em>&nbsp;K\u00f8benhavns Fl\u00e6skehal blev taget i brug i 1910, havde eget kontor og indgik i den samlede institution K\u00f8benhavns Torve- og Slagtehaller. Samtidigt oph\u00f8rte fl\u00e6skemarkedet p\u00e5 Nytorv.<\/p>\n\n\n\n<p class=\"wp-block-paragraph\">I 1934 flytter salg og slagtning til nyopf\u00f8rte bygninger ved Halmtorvet, kendt som&nbsp;<em>\u201dDen Hvide K\u00f8dby<\/em>\u201d, der var opf\u00f8rt i 1934. Fl\u00e6skehallen ved Kalvebod Brygge blev overtaget af automobilfirmaet&nbsp;<em>\u201dB\u00fcllow\u201d.<\/em>&nbsp;I hj\u00f8rnet ud til Syndergaardsgade og Polititorvet, navngivet i 1924, registreret Polititorvets Caf\u00e9. Polititorvet 5 fra 1935. B\u00e5de den n\u00e6rliggende Politig\u00e5rd, opf\u00f8rt af K\u00f8benhavns Kommune i 1924, medarbejderne ved Godsbaneg\u00e5rden og de mange havnearbejder fra Kalvebod Brygge, gav et godt kundegrundlag.<\/p>\n\n\n\n<p class=\"wp-block-paragraph\">Da det besluttes at nedrive den gamle Godsbaneg\u00e5rd, der ses helt th., og som faldt i oktober 1968, blev det ogs\u00e5 besluttet at ryde omr\u00e5det, for at foretage et gadegennembrud.<\/p>\n\n\n\n<p class=\"wp-block-paragraph\">Fl\u00e6skehallen nedrives i 1967, gaderne \u201d<em>Ved Godsbaneg\u00e5rden\u201d<\/em>&nbsp;og&nbsp;<em>\u201dSyndergaardsgade\u201d<\/em>&nbsp;tv. nedl\u00e6gges, og Bernstorffsgades f\u00f8res igennem til Kalvebod Brygge.<\/p>\n\n\n\n<p class=\"wp-block-paragraph\">Tekst: <a href=\"https:\/\/www.facebook.com\/groups\/1086910964776824\/user\/1086303768\/?__cft__[0]=AZXOahfWYvOv9u9M7cz7t9I77wKS-nafEfvL0He4MWBS-8SLIVGR0u_LaqICftukfT7WRuTNbQpYVZSyQQ3ULw7QucI7_zZTZTGd3mfE6XgAtBWsNvQJ_LwM9-Yx42OClObczf_-y2qNmgEAj2agBfPoYrY2zDQL0xPaHYb29uD1hMWleSEmZtts3Tmuflz_0Tvlqv55j2vJq4K9Tq60fNTO&amp;__tn__=-UC%2CP-R\">Allan Mylius Thomsen<\/a> &#8211; 2025<\/p>\n<\/blockquote>\n<\/div>\n<\/div>\n\n\n<div class=\"wp-block-image\">\n<figure data-wp-context=\"{&quot;imageId&quot;:&quot;6a952798259fb&quot;}\" data-wp-interactive=\"core\/image\" data-wp-key=\"6a952798259fb\" class=\"aligncenter size-full wp-lightbox-container\"><img fetchpriority=\"high\" decoding=\"async\" width=\"1021\" height=\"697\" data-wp-class--hide=\"state.isContentHidden\" data-wp-class--show=\"state.isContentVisible\" data-wp-init=\"callbacks.setButtonStyles\" data-wp-on--click=\"actions.showLightbox\" data-wp-on--load=\"callbacks.setButtonStyles\" data-wp-on--pointerdown=\"actions.preloadImage\" data-wp-on--pointerenter=\"actions.preloadImageWithDelay\" data-wp-on--pointerleave=\"actions.cancelPreload\" data-wp-on-window--resize=\"callbacks.setButtonStyles\" src=\"http:\/\/bodega.olhus.dk\/wp-content\/uploads\/2023\/11\/Polititorvet-5-Polititorvets-Cafe.png\" alt=\"\" class=\"wp-image-5531\" srcset=\"https:\/\/bodega.olhus.dk\/wp-content\/uploads\/2023\/11\/Polititorvet-5-Polititorvets-Cafe.png 1021w, https:\/\/bodega.olhus.dk\/wp-content\/uploads\/2023\/11\/Polititorvet-5-Polititorvets-Cafe-300x205.png 300w, https:\/\/bodega.olhus.dk\/wp-content\/uploads\/2023\/11\/Polititorvet-5-Polititorvets-Cafe-768x524.png 768w\" sizes=\"(max-width: 1021px) 100vw, 1021px\" \/><button\n\t\t\tclass=\"lightbox-trigger\"\n\t\t\ttype=\"button\"\n\t\t\taria-haspopup=\"dialog\"\n\t\t\tdata-wp-bind--aria-label=\"state.thisImage.triggerButtonAriaLabel\"\n\t\t\tdata-wp-init=\"callbacks.initTriggerButton\"\n\t\t\tdata-wp-on--click=\"actions.showLightbox\"\n\t\t\tdata-wp-style--right=\"state.thisImage.buttonRight\"\n\t\t\tdata-wp-style--top=\"state.thisImage.buttonTop\"\n\t\t>\n\t\t\t<svg xmlns=\"http:\/\/www.w3.org\/2000\/svg\" width=\"12\" height=\"12\" fill=\"none\" viewBox=\"0 0 12 12\">\n\t\t\t\t<path fill=\"#fff\" d=\"M2 0a2 2 0 0 0-2 2v2h1.5V2a.5.5 0 0 1 .5-.5h2V0H2Zm2 10.5H2a.5.5 0 0 1-.5-.5V8H0v2a2 2 0 0 0 2 2h2v-1.5ZM8 12v-1.5h2a.5.5 0 0 0 .5-.5V8H12v2a2 2 0 0 1-2 2H8Zm2-12a2 2 0 0 1 2 2v2h-1.5V2a.5.5 0 0 0-.5-.5H8V0h2Z\" \/>\n\t\t\t<\/svg>\n\t\t<\/button><figcaption class=\"wp-element-caption\"><strong>Polititorvets Caf\u00e9 &#8211; 1961<\/strong><br><em>Foto: K\u00f8benhavns Museum<\/em><\/figcaption><\/figure>\n<\/div>\n\n\n<h2 class=\"wp-block-heading alignfull\">Nr. 12<\/h2>\n\n\n\n<div class=\"wp-block-columns alignwide is-layout-flex wp-container-core-columns-is-layout-8f761849 wp-block-columns-is-layout-flex\">\n<div class=\"wp-block-column is-layout-flow wp-block-column-is-layout-flow\" style=\"flex-basis:100%\">\n<ul class=\"wp-block-list\">\n<li><strong>Caf\u00e9 Ved Vandtruget &#8211; 1931-1936<\/strong>\n<ul class=\"wp-block-list\">\n<li>1931-1934 &#8211; Sigrid Thomasen<\/li>\n\n\n\n<li>1935-1936 &#8211; Henry Thorvald Arthur Jensen<\/li>\n<\/ul>\n<\/li>\n<\/ul>\n<\/div>\n<\/div>\n","protected":false},"excerpt":{"rendered":"<p>Nr. 5 POLITITORVETS CAF\u00c9I 1908 besluttede Borgerrepr\u00e6sentationen at indrette en salgs- og slagtehal for svinek\u00f8d, fjerkr\u00e6 m. m. Den opf\u00f8rtes i 1909 p\u00e5 pladsen mellem Godsbaneg\u00e5rden og Kalvebod Brygge (det nuv\u00e6rende Polititorv) og ben\u00e6vntes&nbsp;\u201dK\u00f8benhavns Fl\u00e6skehal\u201d.&nbsp;K\u00f8benhavns Fl\u00e6skehal blev taget i brug i 1910, havde eget kontor og indgik i den samlede institution K\u00f8benhavns Torve- og Slagtehaller. [&hellip;]<\/p>\n","protected":false},"author":1,"featured_media":0,"comment_status":"open","ping_status":"open","sticky":false,"template":"","format":"standard","meta":{"ngg_post_thumbnail":0,"footnotes":""},"categories":[3],"tags":[],"class_list":["post-5179","post","type-post","status-publish","format-standard","hentry","category-vesterbro"],"_links":{"self":[{"href":"https:\/\/bodega.olhus.dk\/index.php?rest_route=\/wp\/v2\/posts\/5179","targetHints":{"allow":["GET"]}}],"collection":[{"href":"https:\/\/bodega.olhus.dk\/index.php?rest_route=\/wp\/v2\/posts"}],"about":[{"href":"https:\/\/bodega.olhus.dk\/index.php?rest_route=\/wp\/v2\/types\/post"}],"author":[{"embeddable":true,"href":"https:\/\/bodega.olhus.dk\/index.php?rest_route=\/wp\/v2\/users\/1"}],"replies":[{"embeddable":true,"href":"https:\/\/bodega.olhus.dk\/index.php?rest_route=%2Fwp%2Fv2%2Fcomments&post=5179"}],"version-history":[{"count":10,"href":"https:\/\/bodega.olhus.dk\/index.php?rest_route=\/wp\/v2\/posts\/5179\/revisions"}],"predecessor-version":[{"id":20677,"href":"https:\/\/bodega.olhus.dk\/index.php?rest_route=\/wp\/v2\/posts\/5179\/revisions\/20677"}],"wp:attachment":[{"href":"https:\/\/bodega.olhus.dk\/index.php?rest_route=%2Fwp%2Fv2%2Fmedia&parent=5179"}],"wp:term":[{"taxonomy":"category","embeddable":true,"href":"https:\/\/bodega.olhus.dk\/index.php?rest_route=%2Fwp%2Fv2%2Fcategories&post=5179"},{"taxonomy":"post_tag","embeddable":true,"href":"https:\/\/bodega.olhus.dk\/index.php?rest_route=%2Fwp%2Fv2%2Ftags&post=5179"}],"curies":[{"name":"wp","href":"https:\/\/api.w.org\/{rel}","templated":true}]}}