{"id":691,"date":"2023-06-16T21:01:21","date_gmt":"2023-06-16T21:01:21","guid":{"rendered":"http:\/\/bodega.olhus.dk\/?p=691"},"modified":"2026-02-20T09:14:20","modified_gmt":"2026-02-20T09:14:20","slug":"holmbladsgade","status":"publish","type":"post","link":"https:\/\/bodega.olhus.dk\/?p=691","title":{"rendered":"Holmbladsgade"},"content":{"rendered":"\n<details class=\"wp-block-details is-layout-flow wp-block-details-is-layout-flow\"><summary>Mere om gaden<\/summary>\n<pre class=\"wp-block-preformatted\">Hed indtil 1898 K\u00f8hlertsvej<\/pre>\n<\/details>\n\n\n\n<h2 class=\"wp-block-heading alignfull\">Nr. 12-14<\/h2>\n\n\n\n<div class=\"wp-block-columns alignwide is-layout-flex wp-container-core-columns-is-layout-8f761849 wp-block-columns-is-layout-flex\">\n<div class=\"wp-block-column is-layout-flow wp-block-column-is-layout-flow\" style=\"flex-basis:100%\">\n<ul class=\"wp-block-list\">\n<li><strong>Jaguaren &#8211; 1976-<\/strong>\n<ul class=\"wp-block-list\">\n<li>Jan Nauntoft<\/li>\n\n\n\n<li>Alex Meier<\/li>\n\n\n\n<li>1991-2000 &#8211; Cornelis Christiaan van Kints<\/li>\n\n\n\n<li>2000-2025 &#8211; Jing Yi van Kints<\/li>\n\n\n\n<li>2025- Theis Bacher Pedersen, Rasmus Schnedler-Meyer &amp; Frederik Storm<\/li>\n<\/ul>\n<\/li>\n<\/ul>\n<\/div>\n<\/div>\n\n\n<div class=\"wp-block-image\">\n<figure data-wp-context=\"{&quot;imageId&quot;:&quot;6a94ebb26a8a9&quot;}\" data-wp-interactive=\"core\/image\" data-wp-key=\"6a94ebb26a8a9\" class=\"aligncenter size-large is-resized wp-lightbox-container\"><img fetchpriority=\"high\" decoding=\"async\" width=\"1024\" height=\"724\" data-wp-class--hide=\"state.isContentHidden\" data-wp-class--show=\"state.isContentVisible\" data-wp-init=\"callbacks.setButtonStyles\" data-wp-on--click=\"actions.showLightbox\" data-wp-on--load=\"callbacks.setButtonStyles\" data-wp-on--pointerdown=\"actions.preloadImage\" data-wp-on--pointerenter=\"actions.preloadImageWithDelay\" data-wp-on--pointerleave=\"actions.cancelPreload\" data-wp-on-window--resize=\"callbacks.setButtonStyles\" src=\"http:\/\/bodega.olhus.dk\/wp-content\/uploads\/2023\/07\/Holmbladsgade-12-14-Jaguaren-1984-1024x724.png\" alt=\"\" class=\"wp-image-1226\" style=\"width:610px;height:auto\" srcset=\"https:\/\/bodega.olhus.dk\/wp-content\/uploads\/2023\/07\/Holmbladsgade-12-14-Jaguaren-1984-1024x724.png 1024w, https:\/\/bodega.olhus.dk\/wp-content\/uploads\/2023\/07\/Holmbladsgade-12-14-Jaguaren-1984-300x212.png 300w, https:\/\/bodega.olhus.dk\/wp-content\/uploads\/2023\/07\/Holmbladsgade-12-14-Jaguaren-1984-768x543.png 768w, https:\/\/bodega.olhus.dk\/wp-content\/uploads\/2023\/07\/Holmbladsgade-12-14-Jaguaren-1984.png 1150w\" sizes=\"(max-width: 1024px) 100vw, 1024px\" \/><button\n\t\t\tclass=\"lightbox-trigger\"\n\t\t\ttype=\"button\"\n\t\t\taria-haspopup=\"dialog\"\n\t\t\tdata-wp-bind--aria-label=\"state.thisImage.triggerButtonAriaLabel\"\n\t\t\tdata-wp-init=\"callbacks.initTriggerButton\"\n\t\t\tdata-wp-on--click=\"actions.showLightbox\"\n\t\t\tdata-wp-style--right=\"state.thisImage.buttonRight\"\n\t\t\tdata-wp-style--top=\"state.thisImage.buttonTop\"\n\t\t>\n\t\t\t<svg xmlns=\"http:\/\/www.w3.org\/2000\/svg\" width=\"12\" height=\"12\" fill=\"none\" viewBox=\"0 0 12 12\">\n\t\t\t\t<path fill=\"#fff\" d=\"M2 0a2 2 0 0 0-2 2v2h1.5V2a.5.5 0 0 1 .5-.5h2V0H2Zm2 10.5H2a.5.5 0 0 1-.5-.5V8H0v2a2 2 0 0 0 2 2h2v-1.5ZM8 12v-1.5h2a.5.5 0 0 0 .5-.5V8H12v2a2 2 0 0 1-2 2H8Zm2-12a2 2 0 0 1 2 2v2h-1.5V2a.5.5 0 0 0-.5-.5H8V0h2Z\" \/>\n\t\t\t<\/svg>\n\t\t<\/button><figcaption class=\"wp-element-caption\"><strong>Jaguaren &#8211; 1984<br><\/strong><em>Foto: K\u00f8benhavns Museum<\/em><\/figcaption><\/figure>\n<\/div>\n\n\n<h2 class=\"wp-block-heading alignfull\">Nr. 15\n\n\n\n<\/h2>\n\n\n\n<div class=\"wp-block-columns alignwide is-layout-flex wp-container-core-columns-is-layout-8f761849 wp-block-columns-is-layout-flex\">\n<div class=\"wp-block-column is-layout-flow wp-block-column-is-layout-flow\" style=\"flex-basis:100%\">\n<ul class=\"wp-block-list\">\n<li><strong>Kaffe- &amp; Spisesalonen &#8211; 1948-(1980)<\/strong>\n<ul class=\"wp-block-list\">\n<li>1949-(1980) &#8211; &nbsp;Oluf Romberg<\/li>\n<\/ul>\n<\/li>\n\n\n\n<li><strong>Cafeteriaet Tit Bit &#8211; 1995-1997<\/strong>\n<ul class=\"wp-block-list\">\n<li>(1993) &#8211; Bendte Adamsen Hansen<\/li>\n<\/ul>\n<\/li>\n\n\n\n<li><strong>Caf\u00e9 Bizarro &#8211; 1997-2020<\/strong>\n<ul class=\"wp-block-list\">\n<li>1997-2020 &#8211; Alessandro Giacomo Cristiano Garavano<\/li>\n<\/ul>\n<\/li>\n\n\n\n<li><strong>Nr. 15 &#8211; K\u00f8kken &amp; Bar &#8211; 2020-2023<\/strong>\n<ul class=\"wp-block-list\">\n<li>2020-2020 &#8211; Martin Chuba Ratje, Morten Ratje, Benjamin Asher Genach, Alessandro Giacomo Cristiano Garavano &amp; Mikkel \u00d8rskov Mortensen<\/li>\n\n\n\n<li>2020-2021 &#8211; Morten Ratje, Benjamin Asher Genach, Alessandro Giacomo Cristiano Garavano &amp; Mikkel \u00d8rskov Mortensen<\/li>\n\n\n\n<li>2021-2023 &#8211; Benjamin Asher Genach, Alessandro Giacomo Cristiano Garavano &amp; Mikkel \u00d8rskov Mortensen<\/li>\n\n\n\n<li>2022-2023 &#8211; Benjamin Asher Genach, Alessandro Giacomo Cristiano Garavano, Mikkel \u00d8rskov Mortensen &amp; Sofie Zingg<\/li>\n<\/ul>\n<\/li>\n<\/ul>\n<\/div>\n<\/div>\n\n\n\n<blockquote class=\"wp-block-quote alignwide is-layout-flow wp-block-quote-is-layout-flow\">\n<p class=\"has-drop-cap wp-block-paragraph\"><strong>CAFETERIA<\/strong><br>Kommunegr\u00e6nsen mellem K\u00f8benhavn og Sundbyerne l\u00f8b til 1902 langs nuv\u00e6rende Prags Boulevard. Lige udenfor denne gr\u00e6nse, opstod tidligt en lang r\u00e6kke ildelugtene virksomheder. Til dem anl\u00e6gges ca. 1770 en forbindelsesvej fra Amagerbrogade, der fik navn efter br\u00f8drene Casper og Mathias K\u00f8hlert, der havde en linnedfabrik ved den nuv\u00e6rende Jemtelandsgade. Fabrikken havde tidligere ogs\u00e5 produceret lim. Gadens omd\u00f8bes i 1898 efter fabrikant Lauritz Peter Holmblad (1815-90) og hans fabrikker der bl.a. producerede s\u00e6ber, stearinlys og spillekort. Omkring 1906 begyndte udbygningen af sidegaderne ved Holmbladsgades vestlige del.<\/p>\n\n\n\n<p class=\"has-normal-font-size wp-block-paragraph\">P\u00e5 hj\u00f8rnet af den i 1908 navngivne Jemtelandsgade og Holmbladsgade 15 opf\u00f8res i 1912&nbsp;<em>\u201dAndelsboligforeningen Jemteland\u201d<\/em>. I hj\u00f8rneforretningen registrerer Kraks Vejviser fra 1950 restaurat\u00f8r Oluf Romberg, der her indretter sit cafeteria, med den farverige, og amerikanskes inspirerede glasfacade, og sit navn over d\u00f8ren. Som skrevet p\u00e5 vinduet, kunne h\u00e5ndv\u00e6rkere, chauff\u00f8rer, bude og andre her spise sin medbragte madpakke. Men i sortimentet indgik ogs\u00e5 \u00f8l, sodavand, kaffe og portions is, m\u00e5ske inspireret af de amerikanske soda fountain, der ogs\u00e5 var blevet popul\u00e6re i K\u00f8benhavn.<\/p>\n\n\n\n<p class=\"has-normal-font-size wp-block-paragraph\">Denne facade inspirerede fotografen Susanne Mertz til fotoet p\u00e5 et pladecover til sangerinden Lone Kellermanns LP&nbsp;<em>&#8220;F\u00f8r natten bli&#8217;r til dag&#8221;<\/em>&nbsp;i 1978. Her ses cafeteriaet p\u00e5 et forstudie til coveret, der blev designet af Peder Bundgaard.<\/p>\n\n\n\n<p class=\"has-normal-font-size wp-block-paragraph\">I 1995 skiftes navn til&nbsp;<em>\u201dCafeteriaet Tit Bit\u201d.<\/em>&nbsp;Men de klassiske cafeteriaer klingede af, og Tit Bit skiftede i 1997 navn til&nbsp;<em>\u201dCaf\u00e9 Bizarro\u201d,<\/em>&nbsp;og den farverige facade forsvandt. S\u00e5 blev det&nbsp;<em>\u201dNr. 15 &#8211; K\u00f8kken &amp; Bar\u201d,<\/em>&nbsp;med en stor udestilling i den nu delvist trafiklukkede Jemtelandsgade.<\/p>\n\n\n\n<figure data-wp-context=\"{&quot;imageId&quot;:&quot;6a94ebb26b0cd&quot;}\" data-wp-interactive=\"core\/image\" data-wp-key=\"6a94ebb26b0cd\" class=\"wp-block-image size-large wp-lightbox-container\"><img decoding=\"async\" width=\"1024\" height=\"670\" data-wp-class--hide=\"state.isContentHidden\" data-wp-class--show=\"state.isContentVisible\" data-wp-init=\"callbacks.setButtonStyles\" data-wp-on--click=\"actions.showLightbox\" data-wp-on--load=\"callbacks.setButtonStyles\" data-wp-on--pointerdown=\"actions.preloadImage\" data-wp-on--pointerenter=\"actions.preloadImageWithDelay\" data-wp-on--pointerleave=\"actions.cancelPreload\" data-wp-on-window--resize=\"callbacks.setButtonStyles\" src=\"http:\/\/bodega.olhus.dk\/wp-content\/uploads\/2023\/06\/Cafeteria-1024x670.jpg\" alt=\"\" class=\"wp-image-774\" srcset=\"https:\/\/bodega.olhus.dk\/wp-content\/uploads\/2023\/06\/Cafeteria-1024x670.jpg 1024w, https:\/\/bodega.olhus.dk\/wp-content\/uploads\/2023\/06\/Cafeteria-300x196.jpg 300w, https:\/\/bodega.olhus.dk\/wp-content\/uploads\/2023\/06\/Cafeteria-768x503.jpg 768w, https:\/\/bodega.olhus.dk\/wp-content\/uploads\/2023\/06\/Cafeteria.jpg 1467w\" sizes=\"(max-width: 1024px) 100vw, 1024px\" \/><button\n\t\t\tclass=\"lightbox-trigger\"\n\t\t\ttype=\"button\"\n\t\t\taria-haspopup=\"dialog\"\n\t\t\tdata-wp-bind--aria-label=\"state.thisImage.triggerButtonAriaLabel\"\n\t\t\tdata-wp-init=\"callbacks.initTriggerButton\"\n\t\t\tdata-wp-on--click=\"actions.showLightbox\"\n\t\t\tdata-wp-style--right=\"state.thisImage.buttonRight\"\n\t\t\tdata-wp-style--top=\"state.thisImage.buttonTop\"\n\t\t>\n\t\t\t<svg xmlns=\"http:\/\/www.w3.org\/2000\/svg\" width=\"12\" height=\"12\" fill=\"none\" viewBox=\"0 0 12 12\">\n\t\t\t\t<path fill=\"#fff\" d=\"M2 0a2 2 0 0 0-2 2v2h1.5V2a.5.5 0 0 1 .5-.5h2V0H2Zm2 10.5H2a.5.5 0 0 1-.5-.5V8H0v2a2 2 0 0 0 2 2h2v-1.5ZM8 12v-1.5h2a.5.5 0 0 0 .5-.5V8H12v2a2 2 0 0 1-2 2H8Zm2-12a2 2 0 0 1 2 2v2h-1.5V2a.5.5 0 0 0-.5-.5H8V0h2Z\" \/>\n\t\t\t<\/svg>\n\t\t<\/button><figcaption class=\"wp-element-caption\"><em>Foto: Susanne Mertz<\/em><\/figcaption><\/figure>\n\n\n\n<p class=\"wp-block-paragraph\">Tekst: <a href=\"https:\/\/www.facebook.com\/groups\/1086910964776824\/user\/1086303768\/?__cft__[0]=AZUZdcPZuIjOg8O_j3mxWLTi4gxSRF3VQdsL2IQKZ_J5pAfA0YsvD-c23f-aSi4ZjYSbcRk4Pu57azLvEkTTwrIlke7thJME5ywYv8P73r9qHNjTPeYcm3K6PUYUk600b25SHwoWNywiv7S96Z6fW4EJ&amp;__tn__=%2CP-R\">Allan Mylius Thomsen<\/a><\/p>\n<\/blockquote>\n\n\n\n<h2 class=\"wp-block-heading alignfull\">Nr. 22\n\n\n\n\n\n\n\n<\/h2>\n\n\n\n<div class=\"wp-block-columns alignwide is-layout-flex wp-container-core-columns-is-layout-8f761849 wp-block-columns-is-layout-flex\">\n<div class=\"wp-block-column is-layout-flow wp-block-column-is-layout-flow\" style=\"flex-basis:100%\">\n<ul class=\"wp-block-list\">\n<li><strong>Mads Bonde &#8211; 1979-1992<\/strong><\/li>\n\n\n\n<li><strong>Bj\u00e6lkestuen &#8211; 1993-(1999)<\/strong>\n<ul class=\"wp-block-list\">\n<li>(1993) &#8211; Preben Lindenkrone S\u00f8rensen<\/li>\n<\/ul>\n<\/li>\n\n\n\n<li><strong>Mads Bonde &#8211; (2001)-(2007)<\/strong>\n<ul class=\"wp-block-list\">\n<li>(2001) &#8211; Britha Basse<\/li>\n<\/ul>\n<\/li>\n\n\n\n<li><strong>Amager \u00d8lhus &#8211; 2013-2018<\/strong>\n<ul class=\"wp-block-list\">\n<li>2013-2018 &#8211; Johnny Hansen<\/li>\n<\/ul>\n<\/li>\n\n\n\n<li><strong>Bootleggers Amager &#8211; 2018-<\/strong><\/li>\n<\/ul>\n<\/div>\n<\/div>\n\n\n\n<h2 class=\"wp-block-heading alignfull\">Nr. 26<\/h2>\n\n\n\n<div class=\"wp-block-columns alignwide is-layout-flex wp-container-core-columns-is-layout-8f761849 wp-block-columns-is-layout-flex\">\n<div class=\"wp-block-column is-layout-flow wp-block-column-is-layout-flow\" style=\"flex-basis:100%\">\n<ul class=\"wp-block-list\">\n<li><strong>Sommerlyst &#8211; 1900-2003<\/strong>\n<ul class=\"wp-block-list\">\n<li>1900-1914 &#8211; G. Zangenberg<\/li>\n\n\n\n<li>1915-1919 &#8211; L. P.&nbsp;Larsen<\/li>\n\n\n\n<li>1920-1923 &#8211; E. Thrane<\/li>\n\n\n\n<li>1924-1930 &#8211; Karen Thrane<\/li>\n\n\n\n<li>1931-1939 &#8211; J. Thrane<\/li>\n\n\n\n<li>1940-(1959) &#8211; Hans Valdemar Johansen<\/li>\n\n\n\n<li>1962-(1980) &#8211; Niels Willy S\u00f8rensen<\/li>\n\n\n\n<li>(1993) &#8211; Elin Jensen<\/li>\n<\/ul>\n<\/li>\n<\/ul>\n<\/div>\n<\/div>\n\n\n<div class=\"wp-block-image\">\n<figure data-wp-context=\"{&quot;imageId&quot;:&quot;6a94ebb26b7d3&quot;}\" data-wp-interactive=\"core\/image\" data-wp-key=\"6a94ebb26b7d3\" class=\"aligncenter size-large wp-lightbox-container\"><img decoding=\"async\" width=\"1024\" height=\"771\" data-wp-class--hide=\"state.isContentHidden\" data-wp-class--show=\"state.isContentVisible\" data-wp-init=\"callbacks.setButtonStyles\" data-wp-on--click=\"actions.showLightbox\" data-wp-on--load=\"callbacks.setButtonStyles\" data-wp-on--pointerdown=\"actions.preloadImage\" data-wp-on--pointerenter=\"actions.preloadImageWithDelay\" data-wp-on--pointerleave=\"actions.cancelPreload\" data-wp-on-window--resize=\"callbacks.setButtonStyles\" src=\"http:\/\/bodega.olhus.dk\/wp-content\/uploads\/2023\/10\/Holmbladsgade-26-Sommerlyst-2002-1024x771.jpg\" alt=\"\" class=\"wp-image-4310\" srcset=\"https:\/\/bodega.olhus.dk\/wp-content\/uploads\/2023\/10\/Holmbladsgade-26-Sommerlyst-2002-1024x771.jpg 1024w, https:\/\/bodega.olhus.dk\/wp-content\/uploads\/2023\/10\/Holmbladsgade-26-Sommerlyst-2002-300x226.jpg 300w, https:\/\/bodega.olhus.dk\/wp-content\/uploads\/2023\/10\/Holmbladsgade-26-Sommerlyst-2002-768x578.jpg 768w, https:\/\/bodega.olhus.dk\/wp-content\/uploads\/2023\/10\/Holmbladsgade-26-Sommerlyst-2002-1200x904.jpg 1200w, https:\/\/bodega.olhus.dk\/wp-content\/uploads\/2023\/10\/Holmbladsgade-26-Sommerlyst-2002.jpg 1478w\" sizes=\"(max-width: 1024px) 100vw, 1024px\" \/><button\n\t\t\tclass=\"lightbox-trigger\"\n\t\t\ttype=\"button\"\n\t\t\taria-haspopup=\"dialog\"\n\t\t\tdata-wp-bind--aria-label=\"state.thisImage.triggerButtonAriaLabel\"\n\t\t\tdata-wp-init=\"callbacks.initTriggerButton\"\n\t\t\tdata-wp-on--click=\"actions.showLightbox\"\n\t\t\tdata-wp-style--right=\"state.thisImage.buttonRight\"\n\t\t\tdata-wp-style--top=\"state.thisImage.buttonTop\"\n\t\t>\n\t\t\t<svg xmlns=\"http:\/\/www.w3.org\/2000\/svg\" width=\"12\" height=\"12\" fill=\"none\" viewBox=\"0 0 12 12\">\n\t\t\t\t<path fill=\"#fff\" d=\"M2 0a2 2 0 0 0-2 2v2h1.5V2a.5.5 0 0 1 .5-.5h2V0H2Zm2 10.5H2a.5.5 0 0 1-.5-.5V8H0v2a2 2 0 0 0 2 2h2v-1.5ZM8 12v-1.5h2a.5.5 0 0 0 .5-.5V8H12v2a2 2 0 0 1-2 2H8Zm2-12a2 2 0 0 1 2 2v2h-1.5V2a.5.5 0 0 0-.5-.5H8V0h2Z\" \/>\n\t\t\t<\/svg>\n\t\t<\/button><figcaption class=\"wp-element-caption\"><strong>Sommerlyst &#8211; 2002<br><\/strong><em>Foto: SULFO<\/em><\/figcaption><\/figure>\n<\/div>\n\n<div class=\"wp-block-image\">\n<figure data-wp-context=\"{&quot;imageId&quot;:&quot;6a94ebb26bb13&quot;}\" data-wp-interactive=\"core\/image\" data-wp-key=\"6a94ebb26bb13\" class=\"aligncenter size-large is-resized wp-lightbox-container\"><img loading=\"lazy\" decoding=\"async\" width=\"1024\" height=\"766\" data-wp-class--hide=\"state.isContentHidden\" data-wp-class--show=\"state.isContentVisible\" data-wp-init=\"callbacks.setButtonStyles\" data-wp-on--click=\"actions.showLightbox\" data-wp-on--load=\"callbacks.setButtonStyles\" data-wp-on--pointerdown=\"actions.preloadImage\" data-wp-on--pointerenter=\"actions.preloadImageWithDelay\" data-wp-on--pointerleave=\"actions.cancelPreload\" data-wp-on-window--resize=\"callbacks.setButtonStyles\" src=\"http:\/\/bodega.olhus.dk\/wp-content\/uploads\/2023\/10\/Holmbladsgade-26-Sommerlyst-2009-1024x766.jpg\" alt=\"\" class=\"wp-image-4312\" style=\"width:615px;height:auto\" srcset=\"https:\/\/bodega.olhus.dk\/wp-content\/uploads\/2023\/10\/Holmbladsgade-26-Sommerlyst-2009-1024x766.jpg 1024w, https:\/\/bodega.olhus.dk\/wp-content\/uploads\/2023\/10\/Holmbladsgade-26-Sommerlyst-2009-300x224.jpg 300w, https:\/\/bodega.olhus.dk\/wp-content\/uploads\/2023\/10\/Holmbladsgade-26-Sommerlyst-2009-768x575.jpg 768w, https:\/\/bodega.olhus.dk\/wp-content\/uploads\/2023\/10\/Holmbladsgade-26-Sommerlyst-2009-1200x898.jpg 1200w, https:\/\/bodega.olhus.dk\/wp-content\/uploads\/2023\/10\/Holmbladsgade-26-Sommerlyst-2009.jpg 1481w\" sizes=\"(max-width: 1024px) 100vw, 1024px\" \/><button\n\t\t\tclass=\"lightbox-trigger\"\n\t\t\ttype=\"button\"\n\t\t\taria-haspopup=\"dialog\"\n\t\t\tdata-wp-bind--aria-label=\"state.thisImage.triggerButtonAriaLabel\"\n\t\t\tdata-wp-init=\"callbacks.initTriggerButton\"\n\t\t\tdata-wp-on--click=\"actions.showLightbox\"\n\t\t\tdata-wp-style--right=\"state.thisImage.buttonRight\"\n\t\t\tdata-wp-style--top=\"state.thisImage.buttonTop\"\n\t\t>\n\t\t\t<svg xmlns=\"http:\/\/www.w3.org\/2000\/svg\" width=\"12\" height=\"12\" fill=\"none\" viewBox=\"0 0 12 12\">\n\t\t\t\t<path fill=\"#fff\" d=\"M2 0a2 2 0 0 0-2 2v2h1.5V2a.5.5 0 0 1 .5-.5h2V0H2Zm2 10.5H2a.5.5 0 0 1-.5-.5V8H0v2a2 2 0 0 0 2 2h2v-1.5ZM8 12v-1.5h2a.5.5 0 0 0 .5-.5V8H12v2a2 2 0 0 1-2 2H8Zm2-12a2 2 0 0 1 2 2v2h-1.5V2a.5.5 0 0 0-.5-.5H8V0h2Z\" \/>\n\t\t\t<\/svg>\n\t\t<\/button><figcaption class=\"wp-element-caption\"><strong>Sommerlyst &#8211; 2009<br><\/strong><em>Foto: SULFO<\/em><\/figcaption><\/figure>\n<\/div>\n\n\n<h2 class=\"wp-block-heading alignfull\">Nr. 31<\/h2>\n\n\n\n<div class=\"wp-block-columns alignwide is-layout-flex wp-container-core-columns-is-layout-8f761849 wp-block-columns-is-layout-flex\">\n<div class=\"wp-block-column is-layout-flow wp-block-column-is-layout-flow\" style=\"flex-basis:100%\">\n<ul class=\"wp-block-list\">\n<li><strong>Alaska Pub &#8211; 1974-1990<\/strong><\/li>\n\n\n\n<li><strong>Jim&#8217;s Pub &#8211; 1991-1993<\/strong>\n<ul class=\"wp-block-list\">\n<li>1991-1993 &#8211; Jim Nielsen<\/li>\n<\/ul>\n<\/li>\n<\/ul>\n<\/div>\n<\/div>\n\n\n\n<h2 class=\"wp-block-heading alignfull\">Nr. 44<\/h2>\n\n\n\n<div class=\"wp-block-columns alignwide is-layout-flex wp-container-core-columns-is-layout-8f761849 wp-block-columns-is-layout-flex\">\n<div class=\"wp-block-column is-layout-flow wp-block-column-is-layout-flow\" style=\"flex-basis:100%\">\n<ul class=\"wp-block-list\">\n<li><strong>Caf\u00e9 44 &#8211; 1917-2001<\/strong>\n<ul class=\"wp-block-list\">\n<li>1915-1916 &#8211; G. Zangenberg<\/li>\n\n\n\n<li>1917-1930 &#8211; P Nielsen<\/li>\n\n\n\n<li>1931-1938 &#8211; Marie Nielsen<\/li>\n\n\n\n<li>1939-1948 &#8211; T. Knudsen<\/li>\n\n\n\n<li>1949-1950 &#8211; A. E. Knudsen<\/li>\n\n\n\n<li>1951-(1959) &#8211; Bodil Laursen<\/li>\n\n\n\n<li><strong>NEDREVET 2003<\/strong><\/li>\n<\/ul>\n<\/li>\n<\/ul>\n\n\n<div class=\"wp-block-image\">\n<figure data-wp-context=\"{&quot;imageId&quot;:&quot;6a94ebb26c5e8&quot;}\" data-wp-interactive=\"core\/image\" data-wp-key=\"6a94ebb26c5e8\" class=\"aligncenter size-full wp-lightbox-container\"><img loading=\"lazy\" decoding=\"async\" width=\"750\" height=\"499\" data-wp-class--hide=\"state.isContentHidden\" data-wp-class--show=\"state.isContentVisible\" data-wp-init=\"callbacks.setButtonStyles\" data-wp-on--click=\"actions.showLightbox\" data-wp-on--load=\"callbacks.setButtonStyles\" data-wp-on--pointerdown=\"actions.preloadImage\" data-wp-on--pointerenter=\"actions.preloadImageWithDelay\" data-wp-on--pointerleave=\"actions.cancelPreload\" data-wp-on-window--resize=\"callbacks.setButtonStyles\" src=\"https:\/\/bodega.olhus.dk\/wp-content\/uploads\/2023\/06\/Holmbladsgade-44-Cafe-44-1985.jpg\" alt=\"\" class=\"wp-image-20190\" srcset=\"https:\/\/bodega.olhus.dk\/wp-content\/uploads\/2023\/06\/Holmbladsgade-44-Cafe-44-1985.jpg 750w, https:\/\/bodega.olhus.dk\/wp-content\/uploads\/2023\/06\/Holmbladsgade-44-Cafe-44-1985-300x200.jpg 300w\" sizes=\"(max-width: 750px) 100vw, 750px\" \/><button\n\t\t\tclass=\"lightbox-trigger\"\n\t\t\ttype=\"button\"\n\t\t\taria-haspopup=\"dialog\"\n\t\t\tdata-wp-bind--aria-label=\"state.thisImage.triggerButtonAriaLabel\"\n\t\t\tdata-wp-init=\"callbacks.initTriggerButton\"\n\t\t\tdata-wp-on--click=\"actions.showLightbox\"\n\t\t\tdata-wp-style--right=\"state.thisImage.buttonRight\"\n\t\t\tdata-wp-style--top=\"state.thisImage.buttonTop\"\n\t\t>\n\t\t\t<svg xmlns=\"http:\/\/www.w3.org\/2000\/svg\" width=\"12\" height=\"12\" fill=\"none\" viewBox=\"0 0 12 12\">\n\t\t\t\t<path fill=\"#fff\" d=\"M2 0a2 2 0 0 0-2 2v2h1.5V2a.5.5 0 0 1 .5-.5h2V0H2Zm2 10.5H2a.5.5 0 0 1-.5-.5V8H0v2a2 2 0 0 0 2 2h2v-1.5ZM8 12v-1.5h2a.5.5 0 0 0 .5-.5V8H12v2a2 2 0 0 1-2 2H8Zm2-12a2 2 0 0 1 2 2v2h-1.5V2a.5.5 0 0 0-.5-.5H8V0h2Z\" \/>\n\t\t\t<\/svg>\n\t\t<\/button><figcaption class=\"wp-element-caption\"><em>Foto: Erik V. Pedersen &#8211; 1985<\/em><\/figcaption><\/figure>\n<\/div><\/div>\n<\/div>\n\n\n\n<blockquote class=\"wp-block-quote alignwide is-layout-flow wp-block-quote-is-layout-flow\">\n<p class=\"wp-block-paragraph\">&#8220;Caf\u00e9 44&#8221;, Holmbladsgade 44, 1999. Holmbladsgade hed til 1898 K\u00f8hlertsvej, og havde v\u00e6ret adgangsvejen til K\u00f8hlerts Limfabrik fra 1770. Da Sundbyerne i 1902 blev en del af K\u00f8benhavn, voksede et t\u00e6t erhvervs- og boligkvarter frem langs gaden. De eksterne dagligstuer, v\u00e6rtshusene, l\u00e5 n\u00e6rmes side ved side. Hvis man startede p\u00e5 den stadig eksisterende Johns Kro, Holmbladsgade 106, kunne man n\u00e5 en betragtelig promille inden man n\u00e5ede Amagerbrogade.<\/p>\n\n\n\n<p class=\"wp-block-paragraph\">R\u00e5dhusbibliotekets v\u00e6rtshusliste, der d\u00e6kker tiden 1930 til 1964, har registreret f\u00f8lgende v\u00e6rtshuse i Holmbladsgade. Caf\u00e9 106 Holmbladsgade 106, Bellevue p\u00e5 adresser b\u00e5de i nr. 61, 83, 74, 85, Amager Kro Holmbladsgade 61, Sommerlyst i nr. 26, Kaf\u00e9 \u00d8resund, senere \u00d8resundskroen Holmbladsgade 99. Disse steder er alle stort set alle forsvundet.<\/p>\n\n\n\n<p class=\"wp-block-paragraph\">Et af dem var Caf\u00e9 44, Holmbladsgade 44. Det er f\u00f8rste gang registreret i 1940. Det var n\u00e6rmest bare en lille stue med et stort billard omgivet af sm\u00e5 borde og stole. Men det havde sine stamg\u00e6ster.<\/p>\n\n\n\n<p class=\"wp-block-paragraph\">Byudvikling og sanering tog ogs\u00e5 livet af Caf\u00e9 44. Det lukkede i 2000, og kort efter blev ejendommen revet ned, og en ny boligblok opf\u00f8rt. Her ses den \u201dtr\u00e6tte\u201d facade i 1999. I dag er Jaguar Bodega, eller blot \u201cJaguaren\u201d i daglig tale, i Holmbladsgade 12, et af den gamle v\u00e6rtshusgades foretrukne vandhuller.<\/p>\n\n\n<div class=\"wp-block-image\">\n<figure data-wp-context=\"{&quot;imageId&quot;:&quot;6a94ebb26c976&quot;}\" data-wp-interactive=\"core\/image\" data-wp-key=\"6a94ebb26c976\" class=\"aligncenter size-large wp-lightbox-container\"><img loading=\"lazy\" decoding=\"async\" width=\"1024\" height=\"689\" data-wp-class--hide=\"state.isContentHidden\" data-wp-class--show=\"state.isContentVisible\" data-wp-init=\"callbacks.setButtonStyles\" data-wp-on--click=\"actions.showLightbox\" data-wp-on--load=\"callbacks.setButtonStyles\" data-wp-on--pointerdown=\"actions.preloadImage\" data-wp-on--pointerenter=\"actions.preloadImageWithDelay\" data-wp-on--pointerleave=\"actions.cancelPreload\" data-wp-on-window--resize=\"callbacks.setButtonStyles\" src=\"https:\/\/bodega.olhus.dk\/wp-content\/uploads\/2023\/06\/Holmbladsgade-44-Cafe-44-1999-1024x689.jpg\" alt=\"\" class=\"wp-image-20193\" srcset=\"https:\/\/bodega.olhus.dk\/wp-content\/uploads\/2023\/06\/Holmbladsgade-44-Cafe-44-1999-1024x689.jpg 1024w, https:\/\/bodega.olhus.dk\/wp-content\/uploads\/2023\/06\/Holmbladsgade-44-Cafe-44-1999-300x202.jpg 300w, https:\/\/bodega.olhus.dk\/wp-content\/uploads\/2023\/06\/Holmbladsgade-44-Cafe-44-1999-768x516.jpg 768w, https:\/\/bodega.olhus.dk\/wp-content\/uploads\/2023\/06\/Holmbladsgade-44-Cafe-44-1999-1536x1033.jpg 1536w, https:\/\/bodega.olhus.dk\/wp-content\/uploads\/2023\/06\/Holmbladsgade-44-Cafe-44-1999-1200x807.jpg 1200w, https:\/\/bodega.olhus.dk\/wp-content\/uploads\/2023\/06\/Holmbladsgade-44-Cafe-44-1999.jpg 1600w\" sizes=\"(max-width: 1024px) 100vw, 1024px\" \/><button\n\t\t\tclass=\"lightbox-trigger\"\n\t\t\ttype=\"button\"\n\t\t\taria-haspopup=\"dialog\"\n\t\t\tdata-wp-bind--aria-label=\"state.thisImage.triggerButtonAriaLabel\"\n\t\t\tdata-wp-init=\"callbacks.initTriggerButton\"\n\t\t\tdata-wp-on--click=\"actions.showLightbox\"\n\t\t\tdata-wp-style--right=\"state.thisImage.buttonRight\"\n\t\t\tdata-wp-style--top=\"state.thisImage.buttonTop\"\n\t\t>\n\t\t\t<svg xmlns=\"http:\/\/www.w3.org\/2000\/svg\" width=\"12\" height=\"12\" fill=\"none\" viewBox=\"0 0 12 12\">\n\t\t\t\t<path fill=\"#fff\" d=\"M2 0a2 2 0 0 0-2 2v2h1.5V2a.5.5 0 0 1 .5-.5h2V0H2Zm2 10.5H2a.5.5 0 0 1-.5-.5V8H0v2a2 2 0 0 0 2 2h2v-1.5ZM8 12v-1.5h2a.5.5 0 0 0 .5-.5V8H12v2a2 2 0 0 1-2 2H8Zm2-12a2 2 0 0 1 2 2v2h-1.5V2a.5.5 0 0 0-.5-.5H8V0h2Z\" \/>\n\t\t\t<\/svg>\n\t\t<\/button><figcaption class=\"wp-element-caption\"><em>Foto: FLA, \u201dHer og der og alle vegne\u201d<\/em><\/figcaption><\/figure>\n<\/div>\n\n\n<p class=\"wp-block-paragraph\">Tekst: <a href=\"https:\/\/www.facebook.com\/groups\/1086910964776824\/user\/1086303768\/?__cft__[0]=AZawWc5uBJkp2xwwGjKApcn7dtCCdpv24XSjMtUpi6rMpkYJA7KfABm84Gpxev4XFBiYzsq0LkvuX8OUdCq1PRpRSPHcN6xQsbMSWGX8gTDfwWBtDj2zPmgbCgghPw_vy5MmQNqbGYwSIBb1PR8RHtfd&amp;__tn__=-UC%2CP-R\">Allan Mylius Thomsen<\/a> &#8211; 2020<\/p>\n<\/blockquote>\n\n\n\n<h2 class=\"wp-block-heading alignfull\">Nr. 61<\/h2>\n\n\n\n<div class=\"wp-block-columns alignwide is-layout-flex wp-container-core-columns-is-layout-8f761849 wp-block-columns-is-layout-flex\">\n<div class=\"wp-block-column is-layout-flow wp-block-column-is-layout-flow\" style=\"flex-basis:100%\">\n<ul class=\"wp-block-list\">\n<li><strong>Amager Kro &#8211; 1915-1982<\/strong>\n<ul class=\"wp-block-list\">\n<li>1915-(1919) &#8211; J. Johansen<\/li>\n\n\n\n<li>(1921)-1927 &#8211; Richard Svendsen<\/li>\n\n\n\n<li>1928-1935 &#8211; Axel V. Petersen<\/li>\n\n\n\n<li>1936-1949 &#8211; A. S. Pedersen<\/li>\n\n\n\n<li>1950-1959 &#8211; Grethe Jespersen<\/li>\n\n\n\n<li>1960-(1967) &#8211; Carlo Franck Jespersen<br><\/li>\n<\/ul>\n<\/li>\n<\/ul>\n<\/div>\n<\/div>\n\n\n\n<h2 class=\"wp-block-heading alignfull\">Nr. 70 E<\/h2>\n\n\n\n<div class=\"wp-block-columns alignwide is-layout-flex wp-container-core-columns-is-layout-8f761849 wp-block-columns-is-layout-flex\">\n<div class=\"wp-block-column is-layout-flow wp-block-column-is-layout-flow\" style=\"flex-basis:100%\">\n<ul class=\"wp-block-list\">\n<li><strong>Matto Trattoria<\/strong> &#8211; <strong>2020-2022<\/strong>\n<ul class=\"wp-block-list\">\n<li>2020-2022 &#8211; Alexandra Tor del Spar Lacarta<\/li>\n<\/ul>\n<\/li>\n\n\n\n<li><strong>\u00d8ens Spisested &#8211; 2023-<\/strong>\n<ul class=\"wp-block-list\">\n<li>2023- Per Jensen &amp; G\u00fcl\u00fcstan \u00d6zg\u00fcr<\/li>\n<\/ul>\n<\/li>\n<\/ul>\n<\/div>\n<\/div>\n\n\n\n<blockquote class=\"wp-block-quote alignwide is-layout-flow wp-block-quote-is-layout-flow\">\n<p class=\"has-drop-cap wp-block-paragraph\"><strong>\u00d8ENS SPISESTED<\/strong><br>Nyt i gammelt. \u00d8ens Spisested med Vin og \u00d8lbar \u00e5bner i Holmbladsgade 70E den 12. oktober. Holmbladsgade hed til 1898 K\u00f8hlertsvej, men fik \u00e6ndret navn efter erhvervsmanden og Amagers m\u00e6cen Jacob Holmblad (1736-1806). Gaden var til for f\u00e5 \u00e5r siden, en af byens t\u00e6ttest besatte v\u00e6rtshusgader. Men den store byfornyelse i kvarteret har \u00e6ndret meget. Sidst lukkede Johns Kro. Men nu kommer der nyt, i den gamle kontorbygning fra farvefirmaet Sadolin &amp; Holmblad. Det firmas historie har r\u00f8dder tilbage til 1777. Da fik Jacob Holmblad kongeligt privilegium som farvemester i K\u00f8benhavn.<\/p>\n\n\n\n<p class=\"wp-block-paragraph\">I 1912 fusionerede Holmblads selskab med firmaet Sadolin, grundlagt i 1905 af Gunnar Asgeir Sadolin (1874-1955). Efter 2. Verdenskrig ekspanderede virksomheden kraftigt, hvilket bl.a. skyldtes introduktionen af tr\u00e6beskyttelsesmidlet Pinotex. De opf\u00f8rte deres store produktionsvirksomhed i Holmbladsgade, og fik kontorbygningen i 1917. Bygningen er ombygget og renoveret flere gange og i begyndelsen af 1942 blev gavlkvisten mod Holmbladsgade sat op. Efter anden verdenskrig ekspanderede virksomheden kraftigt, hvilket bl.a. skyldtes introduktionen af tr\u00e6beskyttelsesmidlet Pinotex. I 2001 stoppede al produktion i Holmbladsgade, fabrikken flyttede ud, og der er siden blevet bygget boliger p\u00e5 det meste af grunden, der nu kendes under navnet&nbsp;<em>\u201dSadolin Parken\u201d.<\/em><\/p>\n\n\n\n<p class=\"wp-block-paragraph\">Her l\u00e5 efter fabrikkens udflytning i en periode restaurant&nbsp;<em>\u201dMatto Trattoria\u201d.&nbsp;<\/em>Men den lukkede. Nu har tre partnere, bl.a. min gamle kollega fra Borgerrepr\u00e6sentationen og leder af Amager Bio, Bjarne Fey, overtaget lokalerne. Her \u00e5bner de&nbsp;<em>\u201d\u00d8ens Spisested\u201d<\/em>, hvor der ogs\u00e5 er planer om en r\u00e6kke underholdende og kulturelle aktiviteter.<\/p>\n\n\n\n<p class=\"wp-block-paragraph\">Her er bygningen fotograferet i 1969, da linje 5 havde sine spor i gaden.<\/p>\n\n\n<div class=\"wp-block-image\">\n<figure data-wp-context=\"{&quot;imageId&quot;:&quot;6a94ebb26d000&quot;}\" data-wp-interactive=\"core\/image\" data-wp-key=\"6a94ebb26d000\" class=\"aligncenter size-large wp-lightbox-container\"><img loading=\"lazy\" decoding=\"async\" width=\"1024\" height=\"627\" data-wp-class--hide=\"state.isContentHidden\" data-wp-class--show=\"state.isContentVisible\" data-wp-init=\"callbacks.setButtonStyles\" data-wp-on--click=\"actions.showLightbox\" data-wp-on--load=\"callbacks.setButtonStyles\" data-wp-on--pointerdown=\"actions.preloadImage\" data-wp-on--pointerenter=\"actions.preloadImageWithDelay\" data-wp-on--pointerleave=\"actions.cancelPreload\" data-wp-on-window--resize=\"callbacks.setButtonStyles\" src=\"http:\/\/bodega.olhus.dk\/wp-content\/uploads\/2023\/10\/Holmbladsgade-70-E-Oeens-Spisested-1024x627.jpg\" alt=\"\" class=\"wp-image-3720\" srcset=\"https:\/\/bodega.olhus.dk\/wp-content\/uploads\/2023\/10\/Holmbladsgade-70-E-Oeens-Spisested-1024x627.jpg 1024w, https:\/\/bodega.olhus.dk\/wp-content\/uploads\/2023\/10\/Holmbladsgade-70-E-Oeens-Spisested-300x184.jpg 300w, https:\/\/bodega.olhus.dk\/wp-content\/uploads\/2023\/10\/Holmbladsgade-70-E-Oeens-Spisested-768x470.jpg 768w, https:\/\/bodega.olhus.dk\/wp-content\/uploads\/2023\/10\/Holmbladsgade-70-E-Oeens-Spisested-1200x735.jpg 1200w, https:\/\/bodega.olhus.dk\/wp-content\/uploads\/2023\/10\/Holmbladsgade-70-E-Oeens-Spisested.jpg 1230w\" sizes=\"(max-width: 1024px) 100vw, 1024px\" \/><button\n\t\t\tclass=\"lightbox-trigger\"\n\t\t\ttype=\"button\"\n\t\t\taria-haspopup=\"dialog\"\n\t\t\tdata-wp-bind--aria-label=\"state.thisImage.triggerButtonAriaLabel\"\n\t\t\tdata-wp-init=\"callbacks.initTriggerButton\"\n\t\t\tdata-wp-on--click=\"actions.showLightbox\"\n\t\t\tdata-wp-style--right=\"state.thisImage.buttonRight\"\n\t\t\tdata-wp-style--top=\"state.thisImage.buttonTop\"\n\t\t>\n\t\t\t<svg xmlns=\"http:\/\/www.w3.org\/2000\/svg\" width=\"12\" height=\"12\" fill=\"none\" viewBox=\"0 0 12 12\">\n\t\t\t\t<path fill=\"#fff\" d=\"M2 0a2 2 0 0 0-2 2v2h1.5V2a.5.5 0 0 1 .5-.5h2V0H2Zm2 10.5H2a.5.5 0 0 1-.5-.5V8H0v2a2 2 0 0 0 2 2h2v-1.5ZM8 12v-1.5h2a.5.5 0 0 0 .5-.5V8H12v2a2 2 0 0 1-2 2H8Zm2-12a2 2 0 0 1 2 2v2h-1.5V2a.5.5 0 0 0-.5-.5H8V0h2Z\" \/>\n\t\t\t<\/svg>\n\t\t<\/button><figcaption class=\"wp-element-caption\"><strong>\u00d8ens Spisested, Vin og \u00d8lbar<\/strong><br><em>Foto: Per Bech Petersen, SHS 19<\/em><\/figcaption><\/figure>\n<\/div><cite><em>Tekst: <a href=\"https:\/\/www.facebook.com\/groups\/1086910964776824\/user\/1086303768\/?__cft__[0]=AZW0FZT5VitzxqzIbO-QBtKqoj1sR3Co1aRdh893OqplpdQdV-quugiGBrtDPperkS9ICerM-NSqdGbcCqJHHmB8TPOs7mlIs8WV7URamc2oVZYTEJwIUG73xygkyVpoU3SqkvQepF9fi4WFWN3RrOSOhNsiP6oQdc_szY0xuGQZ5HitBWAV1nkC4FPD0_mdbSjVPL4LujxARXbwFqxZRTIE&amp;__tn__=%2CP-y-R\">Allan Mylius Thomsen<\/a><\/em><\/cite><\/blockquote>\n\n\n\n<h2 class=\"wp-block-heading alignfull\">Nr. 71<\/h2>\n\n\n\n<div class=\"wp-block-columns alignwide is-layout-flex wp-container-core-columns-is-layout-8f761849 wp-block-columns-is-layout-flex\">\n<div class=\"wp-block-column is-layout-flow wp-block-column-is-layout-flow\" style=\"flex-basis:100%\">\n<ul class=\"wp-block-list\">\n<li><strong>\u00d8ens Spisested &#8211; 2015-2023<\/strong>\n<ul class=\"wp-block-list\">\n<li>2015-2023 &#8211; Yngve Fobian<\/li>\n<\/ul>\n<\/li>\n<\/ul>\n<\/div>\n<\/div>\n\n\n\n<h2 class=\"wp-block-heading alignfull\">Nr. 74<\/h2>\n\n\n\n<div class=\"wp-block-columns alignwide is-layout-flex wp-container-core-columns-is-layout-8f761849 wp-block-columns-is-layout-flex\">\n<div class=\"wp-block-column is-layout-flow wp-block-column-is-layout-flow\" style=\"flex-basis:100%\">\n<ul class=\"wp-block-list\">\n<li><strong>Kaffesalonen Bellevue &#8211; (1941-1964)<\/strong>\n<ul class=\"wp-block-list\">\n<li>(1941) &#8211; V. Endersen<\/li>\n\n\n\n<li>(1943)-1944 &#8211; V. Kuhnm\u00fcnch<\/li>\n\n\n\n<li>1945-1946 &#8211; Edward Dufour<\/li>\n\n\n\n<li>1947-1948 &#8211; Christine Offersen<\/li>\n\n\n\n<li>1949-1957 &#8211; Kristian Alfred Ejner Harps\u00f8e<\/li>\n\n\n\n<li>1958-(1959) &#8211; Martha Olsen<\/li>\n<\/ul>\n<\/li>\n\n\n\n<li><strong>Ole&#8217;s Kaffebar &#8211; (1970-1989)<\/strong><\/li>\n\n\n\n<li><strong>Caf\u00e9 Britta&#8217;s Hj\u00f8rne &#8211; (1993-1994)<\/strong><\/li>\n\n\n\n<li><strong>Top Kapi 2 &#8211; (2000-2003)<\/strong><\/li>\n<\/ul>\n<\/div>\n<\/div>\n\n\n\n<h2 class=\"wp-block-heading alignfull\">Nr. 77\n\n\n\n\n\n\n\n\n\n<\/h2>\n\n\n\n<div class=\"wp-block-columns alignwide is-layout-flex wp-container-core-columns-is-layout-8f761849 wp-block-columns-is-layout-flex\">\n<div class=\"wp-block-column is-layout-flow wp-block-column-is-layout-flow\" style=\"flex-basis:100%\">\n<ul class=\"wp-block-list\">\n<li><strong>Capri &#8211; 1974-2001<\/strong><\/li>\n\n\n\n<li><strong>Cassius Bar 2 &#8211; 2002-2008)<\/strong>\n<ul class=\"wp-block-list\">\n<li>2002<\/li>\n\n\n\n<li>2003-2008 &#8211; Jeanne Huusfeldt &amp; Lisbeth Sigsgaard Malon<\/li>\n<\/ul>\n<\/li>\n\n\n\n<li><strong>Capri 2 &#8211; 2009-2015<\/strong>\n<ul class=\"wp-block-list\">\n<li>2009-2011 &#8211; Bayram Kapici<\/li>\n\n\n\n<li>2011-2013 &#8211; Mustafa Bilmez<\/li>\n\n\n\n<li>2013-2015 &#8211; Erik Nielsen<\/li>\n<\/ul>\n<\/li>\n\n\n\n<li><strong>Holmbladet &#8211; 2016-<\/strong>\n<ul class=\"wp-block-list\">\n<li>2016-2023 &#8211; Erayi \u00d6zg\u00fcr<\/li>\n\n\n\n<li>2023- G\u00fcl\u00fcstan \u00d6zg\u00fcr<\/li>\n<\/ul>\n<\/li>\n<\/ul>\n<\/div>\n<\/div>\n\n\n\n<h2 class=\"wp-block-heading alignfull\">Nr. 80<\/h2>\n\n\n\n<div class=\"wp-block-columns alignwide is-layout-flex wp-container-core-columns-is-layout-8f761849 wp-block-columns-is-layout-flex\">\n<div class=\"wp-block-column is-layout-flow wp-block-column-is-layout-flow\" style=\"flex-basis:100%\">\n<ul class=\"wp-block-list\">\n<li><strong>Kaf\u00e9 Str\u00f8mbad &#8211; 1915-(1959)<\/strong>\n<ul class=\"wp-block-list\">\n<li>1915-1923 &#8211; Chr. Nielsen<\/li>\n\n\n\n<li>1924-1948 &#8211; Marie Nielsen<\/li>\n\n\n\n<li>1949-(1959) &#8211; Gerda Nielsen<\/li>\n<\/ul>\n<\/li>\n<\/ul>\n<\/div>\n<\/div>\n\n\n\n<h2 class=\"wp-block-heading alignfull\">Nr. 85<\/h2>\n\n\n\n<div class=\"wp-block-columns alignwide is-layout-flex wp-container-core-columns-is-layout-8f761849 wp-block-columns-is-layout-flex\">\n<div class=\"wp-block-column is-layout-flow wp-block-column-is-layout-flow\" style=\"flex-basis:100%\">\n<ul class=\"wp-block-list\">\n<li><strong>?<\/strong>\n<ul class=\"wp-block-list\">\n<li>1915-1916 &#8211; N. P. Olsen<\/li>\n\n\n\n<li>1917 &#8211; P. M. Olsen<\/li>\n\n\n\n<li>1918-(1919) &#8211; Peter Larsen<\/li>\n\n\n\n<li>(1921)-1926 &#8211; Alfred Hansen<\/li>\n\n\n\n<li>1927-1928 &#8211; Johannes Jensen<\/li>\n\n\n\n<li>1929-1930 &#8211; O. J\u00f8rgensen<\/li>\n<\/ul>\n<\/li>\n\n\n\n<li><strong>Caf\u00e9 Bellevue<\/strong> <strong>&#8211; 1931-1990<\/strong><br><em>Kaldet: Beller\u00f8v<\/em>\n<ul class=\"wp-block-list\">\n<li>1931 &#8211; Chr. Bendtsen<\/li>\n\n\n\n<li>1932-1933 &#8211; Peder Hvidbjerg Madsen<\/li>\n\n\n\n<li>1934 &#8211; M. Jensen<\/li>\n\n\n\n<li>1935-1940 &#8211; Niels J. Pedersen<\/li>\n\n\n\n<li>1941-1946 &#8211; H. H. Petersen<\/li>\n\n\n\n<li>1947-(1970) &#8211; Lilly Petersen<\/li>\n<\/ul>\n<\/li>\n\n\n\n<li><strong>NEDREVET 1990<\/strong><\/li>\n<\/ul>\n<\/div>\n<\/div>\n\n\n\n<blockquote class=\"wp-block-quote alignwide is-layout-flow wp-block-quote-is-layout-flow\">\n<p class=\"has-drop-cap wp-block-paragraph\"><strong>CAF\u00c9 BELLEVUE<\/strong><br>Indtil 1902 l\u00f8b K\u00f8benhavns kommunegr\u00e6nse langs nuv\u00e6rende Prags Boulevard. Syd herfor var Sundbyerne selvst\u00e6ndig sognekommune, efter at v\u00e6re tvunget ud af T\u00e5rnby i 1896. En voldsom industriel udvikling i omr\u00e5det havde medf\u00f8rt, at T\u00e5rnby ikke \u00f8nskede at finansiere etableringen af den p\u00e5kr\u00e6vede infrastruktur. Ca. 1770 var anlagt en forbindelsesvej fra Amagerbrogade mod kysten, der fik navn efter br\u00f8drene Casper og Mathias K\u00f8hlert, der havde en linnedfabrik ved den nuv\u00e6rende Jemtelandsgade. Gadens omd\u00f8bes i 1898 efter fabrikant Lauritz Peter Holmblad (1815-1890).<\/p>\n\n\n\n<p class=\"wp-block-paragraph\">Ned mod kysten opk\u00f8ber Sundbyernes matador og sogner\u00e5dsmedlem Hermann Bernhard Edvard Ebert (1855 \u2013 1936) i 1900 et st\u00f8rre omr\u00e5de, og etablerer&nbsp;<em>\u201dbygningsaktieselskabet Bellevue\u201d<\/em>&nbsp;i 1915. Her indledte han gennem de kommende \u00e5r opf\u00f8relsen af et kvarter med beboelsesejendomme som kaldes&nbsp;<em>\u201dBellevue Kvarteret\u201d.<\/em>&nbsp;Eberts intention var, at kvarteret skulle have en h\u00f8jere standard, med solide skattebetalere, end i de lejekaserner der var blevet opf\u00f8rt i Sundbyerne i 1800-tallets sidste ti\u00e5r. Her opst\u00e5r fra 1901 bl.a. \u00d8strigsgade, Ungarnsgade og Polensgade.<\/p>\n\n\n\n<p class=\"wp-block-paragraph\">Is\u00e6r nordsiden af Holmbladsgade, ned mod \u00d8resundskysten, forblev pr\u00e6get af lav, provinsiel- og industriel bebyggelse. Gaden havde p\u00e5 sit h\u00f8jeste ni v\u00e6rtshuse. Caf\u00e9 Bellevue er registreret p\u00e5 forskellige adresser i gaden, men fra 1935 i den toetagers ejendom i nr. 85. Forhaven udlejes til holdeplads for taxiselskabet&nbsp;<em>\u201dBellevue Bilen\u201d&nbsp;<\/em>og et fast p\u00f8lsestade. Caf\u00e9 Bellevue var, trods navnet, et lidt indeklemt og ydmygt lokalv\u00e6rtshus, som taxichauff\u00f8rerne ogs\u00e5 brugte som kantine. Bellevue Bilen blev sammen med Aladdinbilen p\u00e5 Christianshavn, opk\u00f8bt og indlemmet i Amager Taxi. Den fusionerede med \u00d8bro Taxi, og hedder i dag Taxi 4&#215;27.<\/p>\n\n\n\n<p class=\"wp-block-paragraph\">Caf\u00e9 Bellevue lukkede i 1990, og ejendommen Holmbladsgade 85 blev opf\u00f8rt i 1991.<\/p>\n\n\n<div class=\"wp-block-image\">\n<figure data-wp-context=\"{&quot;imageId&quot;:&quot;6a94ebb26d959&quot;}\" data-wp-interactive=\"core\/image\" data-wp-key=\"6a94ebb26d959\" class=\"aligncenter size-large is-resized wp-lightbox-container\"><img loading=\"lazy\" decoding=\"async\" width=\"1024\" height=\"626\" data-wp-class--hide=\"state.isContentHidden\" data-wp-class--show=\"state.isContentVisible\" data-wp-init=\"callbacks.setButtonStyles\" data-wp-on--click=\"actions.showLightbox\" data-wp-on--load=\"callbacks.setButtonStyles\" data-wp-on--pointerdown=\"actions.preloadImage\" data-wp-on--pointerenter=\"actions.preloadImageWithDelay\" data-wp-on--pointerleave=\"actions.cancelPreload\" data-wp-on-window--resize=\"callbacks.setButtonStyles\" src=\"http:\/\/bodega.olhus.dk\/wp-content\/uploads\/2023\/06\/Cafe-Bellevue-1024x626.jpg\" alt=\"\" class=\"wp-image-772\" style=\"width:581px;height:auto\" srcset=\"https:\/\/bodega.olhus.dk\/wp-content\/uploads\/2023\/06\/Cafe-Bellevue-1024x626.jpg 1024w, https:\/\/bodega.olhus.dk\/wp-content\/uploads\/2023\/06\/Cafe-Bellevue-300x183.jpg 300w, https:\/\/bodega.olhus.dk\/wp-content\/uploads\/2023\/06\/Cafe-Bellevue-768x470.jpg 768w, https:\/\/bodega.olhus.dk\/wp-content\/uploads\/2023\/06\/Cafe-Bellevue.jpg 1063w\" sizes=\"(max-width: 1024px) 100vw, 1024px\" \/><button\n\t\t\tclass=\"lightbox-trigger\"\n\t\t\ttype=\"button\"\n\t\t\taria-haspopup=\"dialog\"\n\t\t\tdata-wp-bind--aria-label=\"state.thisImage.triggerButtonAriaLabel\"\n\t\t\tdata-wp-init=\"callbacks.initTriggerButton\"\n\t\t\tdata-wp-on--click=\"actions.showLightbox\"\n\t\t\tdata-wp-style--right=\"state.thisImage.buttonRight\"\n\t\t\tdata-wp-style--top=\"state.thisImage.buttonTop\"\n\t\t>\n\t\t\t<svg xmlns=\"http:\/\/www.w3.org\/2000\/svg\" width=\"12\" height=\"12\" fill=\"none\" viewBox=\"0 0 12 12\">\n\t\t\t\t<path fill=\"#fff\" d=\"M2 0a2 2 0 0 0-2 2v2h1.5V2a.5.5 0 0 1 .5-.5h2V0H2Zm2 10.5H2a.5.5 0 0 1-.5-.5V8H0v2a2 2 0 0 0 2 2h2v-1.5ZM8 12v-1.5h2a.5.5 0 0 0 .5-.5V8H12v2a2 2 0 0 1-2 2H8Zm2-12a2 2 0 0 1 2 2v2h-1.5V2a.5.5 0 0 0-.5-.5H8V0h2Z\" \/>\n\t\t\t<\/svg>\n\t\t<\/button><figcaption class=\"wp-element-caption\"><strong>1980<\/strong><br><em>Foto: Julie R\u00f8nnow, K\u00f8benhavns Museum<\/em><\/figcaption><\/figure>\n<\/div><cite><em>Tekst: <a href=\"https:\/\/www.facebook.com\/groups\/1086910964776824\/user\/1086303768\/?__cft__[0]=AZW1nmr5c6cesv3dIOdyFTC6WrntssbNi_dPXwqRDXhmN6qB-FcdUlWkNXjqHW0h3_NCZ_UEYhr_EhuXYsAsC5FzSEd5Wqfd8wb2aVR-ANY3Vu5LcVu1ye_jIsC2rY39ckMuwGYBJJXc8QN6MsSVLt_G&amp;__tn__=%2CP-R\"><em>Allan Mylius Thomsen<\/em><\/a><\/em><\/cite><\/blockquote>\n\n\n\n<h2 class=\"wp-block-heading alignfull\">Nr. 87<\/h2>\n\n\n\n<div class=\"wp-block-columns alignwide is-layout-flex wp-container-core-columns-is-layout-8f761849 wp-block-columns-is-layout-flex\">\n<div class=\"wp-block-column is-layout-flow wp-block-column-is-layout-flow\" style=\"flex-basis:100%\">\n<ul class=\"wp-block-list\">\n<li><strong>Kaffesalon &#8211; 1937-1963<\/strong>\n<ul class=\"wp-block-list\">\n<li>1937-1963 &#8211; Herman Dan Frederiksen<\/li>\n<\/ul>\n<\/li>\n<\/ul>\n<\/div>\n<\/div>\n\n\n<div class=\"wp-block-image\">\n<figure data-wp-context=\"{&quot;imageId&quot;:&quot;6a94ebb26dfa9&quot;}\" data-wp-interactive=\"core\/image\" data-wp-key=\"6a94ebb26dfa9\" class=\"aligncenter size-full wp-lightbox-container\"><img loading=\"lazy\" decoding=\"async\" width=\"500\" height=\"339\" data-wp-class--hide=\"state.isContentHidden\" data-wp-class--show=\"state.isContentVisible\" data-wp-init=\"callbacks.setButtonStyles\" data-wp-on--click=\"actions.showLightbox\" data-wp-on--load=\"callbacks.setButtonStyles\" data-wp-on--pointerdown=\"actions.preloadImage\" data-wp-on--pointerenter=\"actions.preloadImageWithDelay\" data-wp-on--pointerleave=\"actions.cancelPreload\" data-wp-on-window--resize=\"callbacks.setButtonStyles\" src=\"http:\/\/bodega.olhus.dk\/wp-content\/uploads\/2023\/06\/Holmbladsgade-87-Kaffesalon-1960.jpg\" alt=\"\" class=\"wp-image-18219\" srcset=\"https:\/\/bodega.olhus.dk\/wp-content\/uploads\/2023\/06\/Holmbladsgade-87-Kaffesalon-1960.jpg 500w, https:\/\/bodega.olhus.dk\/wp-content\/uploads\/2023\/06\/Holmbladsgade-87-Kaffesalon-1960-300x203.jpg 300w\" sizes=\"(max-width: 500px) 100vw, 500px\" \/><button\n\t\t\tclass=\"lightbox-trigger\"\n\t\t\ttype=\"button\"\n\t\t\taria-haspopup=\"dialog\"\n\t\t\tdata-wp-bind--aria-label=\"state.thisImage.triggerButtonAriaLabel\"\n\t\t\tdata-wp-init=\"callbacks.initTriggerButton\"\n\t\t\tdata-wp-on--click=\"actions.showLightbox\"\n\t\t\tdata-wp-style--right=\"state.thisImage.buttonRight\"\n\t\t\tdata-wp-style--top=\"state.thisImage.buttonTop\"\n\t\t>\n\t\t\t<svg xmlns=\"http:\/\/www.w3.org\/2000\/svg\" width=\"12\" height=\"12\" fill=\"none\" viewBox=\"0 0 12 12\">\n\t\t\t\t<path fill=\"#fff\" d=\"M2 0a2 2 0 0 0-2 2v2h1.5V2a.5.5 0 0 1 .5-.5h2V0H2Zm2 10.5H2a.5.5 0 0 1-.5-.5V8H0v2a2 2 0 0 0 2 2h2v-1.5ZM8 12v-1.5h2a.5.5 0 0 0 .5-.5V8H12v2a2 2 0 0 1-2 2H8Zm2-12a2 2 0 0 1 2 2v2h-1.5V2a.5.5 0 0 0-.5-.5H8V0h2Z\" \/>\n\t\t\t<\/svg>\n\t\t<\/button><figcaption class=\"wp-element-caption\"><strong>Kaffesalon &#8211; 1960<\/strong><\/figcaption><\/figure>\n<\/div>\n\n\n<h2 class=\"wp-block-heading alignfull\">Nr. 99<\/h2>\n\n\n\n<div class=\"wp-block-columns alignwide is-layout-flex wp-container-core-columns-is-layout-8f761849 wp-block-columns-is-layout-flex\">\n<div class=\"wp-block-column is-layout-flow wp-block-column-is-layout-flow\" style=\"flex-basis:100%\">\n<ul class=\"wp-block-list\">\n<li><strong>?<\/strong>\n<ul class=\"wp-block-list\">\n<li>1916 &#8211; Otto Petersen<\/li>\n\n\n\n<li>1917-(1923) &#8211; Johan Scharfs<\/li>\n\n\n\n<li>1924 &#8211; A. F. Ziegler<\/li>\n\n\n\n<li>1925-1926  -A. Thorsen<\/li>\n\n\n\n<li>1927-(1928) &#8211; H. Gunnarsen<\/li>\n<\/ul>\n<\/li>\n\n\n\n<li><strong>Kaf\u00e9 \u00d8resund &#8211; 1931-1960<\/strong>\n<ul class=\"wp-block-list\">\n<li>1931-1936 &#8211; N. P. Hansen<\/li>\n\n\n\n<li>1937-1938 &#8211; L. P. Larsen<\/li>\n\n\n\n<li>1939 &#8211; B. Arlofeldt<\/li>\n\n\n\n<li>1940 &#8211; V. Thomsen<\/li>\n\n\n\n<li>1941-1951 &#8211; C. C. Onsager<\/li>\n\n\n\n<li>1952-(1959) &#8211; Joh. Davidsen<\/li>\n<\/ul>\n<\/li>\n<\/ul>\n<\/div>\n<\/div>\n\n\n\n<h2 class=\"wp-block-heading alignfull\">Nr. 106<\/h2>\n\n\n\n<div class=\"wp-block-columns alignwide is-layout-flex wp-container-core-columns-is-layout-8f761849 wp-block-columns-is-layout-flex\">\n<div class=\"wp-block-column is-layout-flow wp-block-column-is-layout-flow\" style=\"flex-basis:100%\">\n<ul class=\"wp-block-list\">\n<li><strong>Caf\u00e9 106 &#8211; 1940-1945<\/strong>\n<ul class=\"wp-block-list\">\n<li class=\"has-small-font-size\">1940-1943 &#8211; A. S. Nyrup<\/li>\n\n\n\n<li class=\"has-small-font-size\">1944-1944 &#8211; Alda Larsen<\/li>\n\n\n\n<li class=\"has-small-font-size\">1945-1945 &#8211; Valdemar S\u00f8rensen<\/li>\n<\/ul>\n<\/li>\n\n\n\n<li><strong>Johns Kro &#8211; 1946-2023<\/strong>\n<ul class=\"wp-block-list\">\n<li class=\"has-small-font-size\">1946-1947 &#8211; John V. Larsen<\/li>\n\n\n\n<li class=\"has-small-font-size\">1948-1952 &#8211; Karen J\u00f8rgensen<\/li>\n\n\n\n<li class=\"has-small-font-size\">1953-1954 &#8211; A. P. F. Andersen<\/li>\n\n\n\n<li class=\"has-small-font-size\">1955-1955 &#8211; Iris Jensen<\/li>\n\n\n\n<li class=\"has-small-font-size\">1956-(1967) &#8211; Kaj Viktor Jensen<\/li>\n\n\n\n<li>(1993) &#8211; John Frandsen<\/li>\n\n\n\n<li class=\"has-small-font-size\">2001-2013 &#8211; Jan Hermann Bj\u00f8rnsten<\/li>\n\n\n\n<li class=\"has-small-font-size\">2013-2023 &#8211; Helle Mona Bj\u00f8rnsten<\/li>\n<\/ul>\n<\/li>\n<\/ul>\n<\/div>\n<\/div>\n\n\n<div class=\"wp-block-image\">\n<figure data-wp-context=\"{&quot;imageId&quot;:&quot;6a94ebb26e515&quot;}\" data-wp-interactive=\"core\/image\" data-wp-key=\"6a94ebb26e515\" class=\"aligncenter size-large wp-lightbox-container\"><img loading=\"lazy\" decoding=\"async\" width=\"1024\" height=\"680\" data-wp-class--hide=\"state.isContentHidden\" data-wp-class--show=\"state.isContentVisible\" data-wp-init=\"callbacks.setButtonStyles\" data-wp-on--click=\"actions.showLightbox\" data-wp-on--load=\"callbacks.setButtonStyles\" data-wp-on--pointerdown=\"actions.preloadImage\" data-wp-on--pointerenter=\"actions.preloadImageWithDelay\" data-wp-on--pointerleave=\"actions.cancelPreload\" data-wp-on-window--resize=\"callbacks.setButtonStyles\" src=\"http:\/\/bodega.olhus.dk\/wp-content\/uploads\/2023\/06\/Johns-Kro-1024x680.jpg\" alt=\"\" class=\"wp-image-692\" srcset=\"https:\/\/bodega.olhus.dk\/wp-content\/uploads\/2023\/06\/Johns-Kro-1024x680.jpg 1024w, https:\/\/bodega.olhus.dk\/wp-content\/uploads\/2023\/06\/Johns-Kro-300x199.jpg 300w, https:\/\/bodega.olhus.dk\/wp-content\/uploads\/2023\/06\/Johns-Kro-768x510.jpg 768w, https:\/\/bodega.olhus.dk\/wp-content\/uploads\/2023\/06\/Johns-Kro.jpg 1080w\" sizes=\"(max-width: 1024px) 100vw, 1024px\" \/><button\n\t\t\tclass=\"lightbox-trigger\"\n\t\t\ttype=\"button\"\n\t\t\taria-haspopup=\"dialog\"\n\t\t\tdata-wp-bind--aria-label=\"state.thisImage.triggerButtonAriaLabel\"\n\t\t\tdata-wp-init=\"callbacks.initTriggerButton\"\n\t\t\tdata-wp-on--click=\"actions.showLightbox\"\n\t\t\tdata-wp-style--right=\"state.thisImage.buttonRight\"\n\t\t\tdata-wp-style--top=\"state.thisImage.buttonTop\"\n\t\t>\n\t\t\t<svg xmlns=\"http:\/\/www.w3.org\/2000\/svg\" width=\"12\" height=\"12\" fill=\"none\" viewBox=\"0 0 12 12\">\n\t\t\t\t<path fill=\"#fff\" d=\"M2 0a2 2 0 0 0-2 2v2h1.5V2a.5.5 0 0 1 .5-.5h2V0H2Zm2 10.5H2a.5.5 0 0 1-.5-.5V8H0v2a2 2 0 0 0 2 2h2v-1.5ZM8 12v-1.5h2a.5.5 0 0 0 .5-.5V8H12v2a2 2 0 0 1-2 2H8Zm2-12a2 2 0 0 1 2 2v2h-1.5V2a.5.5 0 0 0-.5-.5H8V0h2Z\" \/>\n\t\t\t<\/svg>\n\t\t<\/button><figcaption class=\"wp-element-caption\"><strong>Johns Kro<br><\/strong><em>Foto: Karin Andersen<\/em><\/figcaption><\/figure>\n<\/div>","protected":false},"excerpt":{"rendered":"<p>Nr. 12-14 Nr. 15 Nr. 22 Nr. 26 Nr. 31 Nr. 44 Nr. 61 Nr. 70 E Nr. 71 Nr. 74 Nr. 77 Nr. 80 Nr. 85 Nr. 87 Nr. 99 Nr. 106<\/p>\n","protected":false},"author":1,"featured_media":0,"comment_status":"open","ping_status":"open","sticky":false,"template":"","format":"standard","meta":{"ngg_post_thumbnail":0,"footnotes":""},"categories":[36],"tags":[],"class_list":["post-691","post","type-post","status-publish","format-standard","hentry","category-sundby"],"_links":{"self":[{"href":"https:\/\/bodega.olhus.dk\/index.php?rest_route=\/wp\/v2\/posts\/691","targetHints":{"allow":["GET"]}}],"collection":[{"href":"https:\/\/bodega.olhus.dk\/index.php?rest_route=\/wp\/v2\/posts"}],"about":[{"href":"https:\/\/bodega.olhus.dk\/index.php?rest_route=\/wp\/v2\/types\/post"}],"author":[{"embeddable":true,"href":"https:\/\/bodega.olhus.dk\/index.php?rest_route=\/wp\/v2\/users\/1"}],"replies":[{"embeddable":true,"href":"https:\/\/bodega.olhus.dk\/index.php?rest_route=%2Fwp%2Fv2%2Fcomments&post=691"}],"version-history":[{"count":146,"href":"https:\/\/bodega.olhus.dk\/index.php?rest_route=\/wp\/v2\/posts\/691\/revisions"}],"predecessor-version":[{"id":21835,"href":"https:\/\/bodega.olhus.dk\/index.php?rest_route=\/wp\/v2\/posts\/691\/revisions\/21835"}],"wp:attachment":[{"href":"https:\/\/bodega.olhus.dk\/index.php?rest_route=%2Fwp%2Fv2%2Fmedia&parent=691"}],"wp:term":[{"taxonomy":"category","embeddable":true,"href":"https:\/\/bodega.olhus.dk\/index.php?rest_route=%2Fwp%2Fv2%2Fcategories&post=691"},{"taxonomy":"post_tag","embeddable":true,"href":"https:\/\/bodega.olhus.dk\/index.php?rest_route=%2Fwp%2Fv2%2Ftags&post=691"}],"curies":[{"name":"wp","href":"https:\/\/api.w.org\/{rel}","templated":true}]}}