{"id":749,"date":"2023-06-19T18:15:29","date_gmt":"2023-06-19T18:15:29","guid":{"rendered":"http:\/\/bodega.olhus.dk\/?p=749"},"modified":"2026-01-31T12:02:10","modified_gmt":"2026-01-31T12:02:10","slug":"aabenraa","status":"publish","type":"post","link":"https:\/\/bodega.olhus.dk\/?p=749","title":{"rendered":"\u00c5benr\u00e5"},"content":{"rendered":"\n<details class=\"wp-block-details is-layout-flow wp-block-details-is-layout-flow\"><summary>Om gaden<\/summary>\n<pre class=\"wp-block-preformatted\">Sandsynligvis opkaldt efter at husene omkring 1500-talet l\u00e5 noget spredt langs vejen, p\u00e5 s\u00e5kaldt \u201d\u00e5ben rad\u201d. Navnet kendes tidligt i 1604 som enten Aabenraad eller Abenrad.<\/pre>\n<\/details>\n\n\n\n<h2 class=\"wp-block-heading alignfull\">Nr. 3<\/h2>\n\n\n\n<div class=\"wp-block-columns alignwide is-layout-flex wp-container-core-columns-is-layout-8f761849 wp-block-columns-is-layout-flex\">\n<div class=\"wp-block-column is-layout-flow wp-block-column-is-layout-flow\" style=\"flex-basis:100%\">\n<ul class=\"wp-block-list\">\n<li><strong>?<\/strong>\n<ul class=\"wp-block-list\">\n<li>1880 &#8211; J. Engels<\/li>\n\n\n\n<li>1881-1882 &#8211; V. S. Jensen<\/li>\n\n\n\n<li>1883-1886 &#8211; J. P. Hermansen<\/li>\n\n\n\n<li>1887-() &#8211; F. E. Bagger<\/li>\n<\/ul>\n<\/li>\n\n\n\n<li><strong>Jobs Kro &#8211; 1927-1932<\/strong>\n<ul class=\"wp-block-list\">\n<li>1927-1932 &#8211; Carl Job<\/li>\n<\/ul>\n<\/li>\n\n\n\n<li><strong>Kaf\u00e9 Solen &#8211; 1932-1958<\/strong>\n<ul class=\"wp-block-list\">\n<li>1932-1939 &#8211; Karl Jensen &amp; Magdalene Astrid Jensen<\/li>\n\n\n\n<li>1939-1958 &#8211; Magdalene Astrid Jensen<\/li>\n<\/ul>\n<\/li>\n<\/ul>\n<\/div>\n<\/div>\n\n\n<div class=\"wp-block-image\">\n<figure data-wp-context=\"{&quot;imageId&quot;:&quot;6a94e8b44a30e&quot;}\" data-wp-interactive=\"core\/image\" data-wp-key=\"6a94e8b44a30e\" class=\"aligncenter size-large wp-lightbox-container\"><img fetchpriority=\"high\" decoding=\"async\" width=\"1024\" height=\"678\" data-wp-class--hide=\"state.isContentHidden\" data-wp-class--show=\"state.isContentVisible\" data-wp-init=\"callbacks.setButtonStyles\" data-wp-on--click=\"actions.showLightbox\" data-wp-on--load=\"callbacks.setButtonStyles\" data-wp-on--pointerdown=\"actions.preloadImage\" data-wp-on--pointerenter=\"actions.preloadImageWithDelay\" data-wp-on--pointerleave=\"actions.cancelPreload\" data-wp-on-window--resize=\"callbacks.setButtonStyles\" src=\"http:\/\/bodega.olhus.dk\/wp-content\/uploads\/2023\/07\/Aabenraa-3-Kafe-Solen-1933-1024x678.png\" alt=\"\" class=\"wp-image-1725\" srcset=\"https:\/\/bodega.olhus.dk\/wp-content\/uploads\/2023\/07\/Aabenraa-3-Kafe-Solen-1933-1024x678.png 1024w, https:\/\/bodega.olhus.dk\/wp-content\/uploads\/2023\/07\/Aabenraa-3-Kafe-Solen-1933-300x199.png 300w, https:\/\/bodega.olhus.dk\/wp-content\/uploads\/2023\/07\/Aabenraa-3-Kafe-Solen-1933-768x508.png 768w, https:\/\/bodega.olhus.dk\/wp-content\/uploads\/2023\/07\/Aabenraa-3-Kafe-Solen-1933.png 1150w\" sizes=\"(max-width: 1024px) 100vw, 1024px\" \/><button\n\t\t\tclass=\"lightbox-trigger\"\n\t\t\ttype=\"button\"\n\t\t\taria-haspopup=\"dialog\"\n\t\t\tdata-wp-bind--aria-label=\"state.thisImage.triggerButtonAriaLabel\"\n\t\t\tdata-wp-init=\"callbacks.initTriggerButton\"\n\t\t\tdata-wp-on--click=\"actions.showLightbox\"\n\t\t\tdata-wp-style--right=\"state.thisImage.buttonRight\"\n\t\t\tdata-wp-style--top=\"state.thisImage.buttonTop\"\n\t\t>\n\t\t\t<svg xmlns=\"http:\/\/www.w3.org\/2000\/svg\" width=\"12\" height=\"12\" fill=\"none\" viewBox=\"0 0 12 12\">\n\t\t\t\t<path fill=\"#fff\" d=\"M2 0a2 2 0 0 0-2 2v2h1.5V2a.5.5 0 0 1 .5-.5h2V0H2Zm2 10.5H2a.5.5 0 0 1-.5-.5V8H0v2a2 2 0 0 0 2 2h2v-1.5ZM8 12v-1.5h2a.5.5 0 0 0 .5-.5V8H12v2a2 2 0 0 1-2 2H8Zm2-12a2 2 0 0 1 2 2v2h-1.5V2a.5.5 0 0 0-.5-.5H8V0h2Z\" \/>\n\t\t\t<\/svg>\n\t\t<\/button><figcaption class=\"wp-element-caption\"><strong>Cafee Solen &#8211; 1933<br><\/strong><em>Foto: K\u00f8benhavns Museum<\/em><\/figcaption><\/figure>\n<\/div>\n\n<div class=\"wp-block-image\">\n<figure data-wp-context=\"{&quot;imageId&quot;:&quot;6a94e8b44add8&quot;}\" data-wp-interactive=\"core\/image\" data-wp-key=\"6a94e8b44add8\" class=\"aligncenter size-large wp-lightbox-container\"><img decoding=\"async\" width=\"741\" height=\"1024\" data-wp-class--hide=\"state.isContentHidden\" data-wp-class--show=\"state.isContentVisible\" data-wp-init=\"callbacks.setButtonStyles\" data-wp-on--click=\"actions.showLightbox\" data-wp-on--load=\"callbacks.setButtonStyles\" data-wp-on--pointerdown=\"actions.preloadImage\" data-wp-on--pointerenter=\"actions.preloadImageWithDelay\" data-wp-on--pointerleave=\"actions.cancelPreload\" data-wp-on-window--resize=\"callbacks.setButtonStyles\" src=\"http:\/\/bodega.olhus.dk\/wp-content\/uploads\/2023\/07\/Aabenraa-3-Kafe-Solen-1950-741x1024.png\" alt=\"\" class=\"wp-image-1333\" srcset=\"https:\/\/bodega.olhus.dk\/wp-content\/uploads\/2023\/07\/Aabenraa-3-Kafe-Solen-1950-741x1024.png 741w, https:\/\/bodega.olhus.dk\/wp-content\/uploads\/2023\/07\/Aabenraa-3-Kafe-Solen-1950-217x300.png 217w, https:\/\/bodega.olhus.dk\/wp-content\/uploads\/2023\/07\/Aabenraa-3-Kafe-Solen-1950-768x1062.png 768w, https:\/\/bodega.olhus.dk\/wp-content\/uploads\/2023\/07\/Aabenraa-3-Kafe-Solen-1950.png 832w\" sizes=\"(max-width: 741px) 100vw, 741px\" \/><button\n\t\t\tclass=\"lightbox-trigger\"\n\t\t\ttype=\"button\"\n\t\t\taria-haspopup=\"dialog\"\n\t\t\tdata-wp-bind--aria-label=\"state.thisImage.triggerButtonAriaLabel\"\n\t\t\tdata-wp-init=\"callbacks.initTriggerButton\"\n\t\t\tdata-wp-on--click=\"actions.showLightbox\"\n\t\t\tdata-wp-style--right=\"state.thisImage.buttonRight\"\n\t\t\tdata-wp-style--top=\"state.thisImage.buttonTop\"\n\t\t>\n\t\t\t<svg xmlns=\"http:\/\/www.w3.org\/2000\/svg\" width=\"12\" height=\"12\" fill=\"none\" viewBox=\"0 0 12 12\">\n\t\t\t\t<path fill=\"#fff\" d=\"M2 0a2 2 0 0 0-2 2v2h1.5V2a.5.5 0 0 1 .5-.5h2V0H2Zm2 10.5H2a.5.5 0 0 1-.5-.5V8H0v2a2 2 0 0 0 2 2h2v-1.5ZM8 12v-1.5h2a.5.5 0 0 0 .5-.5V8H12v2a2 2 0 0 1-2 2H8Zm2-12a2 2 0 0 1 2 2v2h-1.5V2a.5.5 0 0 0-.5-.5H8V0h2Z\" \/>\n\t\t\t<\/svg>\n\t\t<\/button><figcaption class=\"wp-element-caption\"><strong>Kaf\u00e9 Solen &#8211; 1950<br><\/strong><em>Foto: K\u00f8benhavns Museum<\/em><\/figcaption><\/figure>\n<\/div>\n\n<div class=\"wp-block-image\">\n<figure data-wp-context=\"{&quot;imageId&quot;:&quot;6a94e8b44b17a&quot;}\" data-wp-interactive=\"core\/image\" data-wp-key=\"6a94e8b44b17a\" class=\"aligncenter size-large wp-lightbox-container\"><img decoding=\"async\" width=\"1024\" height=\"744\" data-wp-class--hide=\"state.isContentHidden\" data-wp-class--show=\"state.isContentVisible\" data-wp-init=\"callbacks.setButtonStyles\" data-wp-on--click=\"actions.showLightbox\" data-wp-on--load=\"callbacks.setButtonStyles\" data-wp-on--pointerdown=\"actions.preloadImage\" data-wp-on--pointerenter=\"actions.preloadImageWithDelay\" data-wp-on--pointerleave=\"actions.cancelPreload\" data-wp-on-window--resize=\"callbacks.setButtonStyles\" src=\"http:\/\/bodega.olhus.dk\/wp-content\/uploads\/2023\/07\/Aabenraa-3-Kafe-Solen-1960-1024x744.png\" alt=\"\" class=\"wp-image-1232\" srcset=\"https:\/\/bodega.olhus.dk\/wp-content\/uploads\/2023\/07\/Aabenraa-3-Kafe-Solen-1960-1024x744.png 1024w, https:\/\/bodega.olhus.dk\/wp-content\/uploads\/2023\/07\/Aabenraa-3-Kafe-Solen-1960-300x218.png 300w, https:\/\/bodega.olhus.dk\/wp-content\/uploads\/2023\/07\/Aabenraa-3-Kafe-Solen-1960-768x558.png 768w, https:\/\/bodega.olhus.dk\/wp-content\/uploads\/2023\/07\/Aabenraa-3-Kafe-Solen-1960.png 1150w\" sizes=\"(max-width: 1024px) 100vw, 1024px\" \/><button\n\t\t\tclass=\"lightbox-trigger\"\n\t\t\ttype=\"button\"\n\t\t\taria-haspopup=\"dialog\"\n\t\t\tdata-wp-bind--aria-label=\"state.thisImage.triggerButtonAriaLabel\"\n\t\t\tdata-wp-init=\"callbacks.initTriggerButton\"\n\t\t\tdata-wp-on--click=\"actions.showLightbox\"\n\t\t\tdata-wp-style--right=\"state.thisImage.buttonRight\"\n\t\t\tdata-wp-style--top=\"state.thisImage.buttonTop\"\n\t\t>\n\t\t\t<svg xmlns=\"http:\/\/www.w3.org\/2000\/svg\" width=\"12\" height=\"12\" fill=\"none\" viewBox=\"0 0 12 12\">\n\t\t\t\t<path fill=\"#fff\" d=\"M2 0a2 2 0 0 0-2 2v2h1.5V2a.5.5 0 0 1 .5-.5h2V0H2Zm2 10.5H2a.5.5 0 0 1-.5-.5V8H0v2a2 2 0 0 0 2 2h2v-1.5ZM8 12v-1.5h2a.5.5 0 0 0 .5-.5V8H12v2a2 2 0 0 1-2 2H8Zm2-12a2 2 0 0 1 2 2v2h-1.5V2a.5.5 0 0 0-.5-.5H8V0h2Z\" \/>\n\t\t\t<\/svg>\n\t\t<\/button><figcaption class=\"wp-element-caption\"><strong>Kaf\u00e9 Solen &#8211; 1960<br><\/strong><em>Foto: K\u00f8benhavns Museum<\/em><\/figcaption><\/figure>\n<\/div>\n\n\n<h2 class=\"wp-block-heading alignfull\">Nr. 8<\/h2>\n\n\n\n<div class=\"wp-block-columns alignwide is-layout-flex wp-container-core-columns-is-layout-8f761849 wp-block-columns-is-layout-flex\">\n<div class=\"wp-block-column is-layout-flow wp-block-column-is-layout-flow\" style=\"flex-basis:100%\">\n<ul class=\"wp-block-list\">\n<li><strong>A Hereford Beefstouw &#8211; 1974-2020<\/strong><\/li>\n\n\n\n<li><strong>Restaurant B\u00f8f &#8211; 2021-2025<\/strong><\/li>\n<\/ul>\n<\/div>\n<\/div>\n\n\n\n<h2 class=\"wp-block-heading alignfull\">Nr. 23<\/h2>\n\n\n\n<div class=\"wp-block-columns alignwide is-layout-flex wp-container-core-columns-is-layout-8f761849 wp-block-columns-is-layout-flex\">\n<div class=\"wp-block-column is-layout-flow wp-block-column-is-layout-flow\" style=\"flex-basis:100%\">\n<ul class=\"wp-block-list\">\n<li><strong>Restaurant Ivigtut &#8211; 1914-(1943)<\/strong>\n<ul class=\"wp-block-list\">\n<li>1914-1916 &#8211; J. V. M\u00f8ller<\/li>\n\n\n\n<li>1917-1918 &#8211; S. Hansen<\/li>\n\n\n\n<li>1919-1929 &#8211; C. Andreasen<\/li>\n\n\n\n<li>1930-1932 &#8211; Enkefrue E. Andreasen<\/li>\n\n\n\n<li>1933-1936 &#8211; E. Bruun<\/li>\n\n\n\n<li>1937-(1943) &#8211; Enkefrue Agnes C. Bruun<\/li>\n<\/ul>\n<\/li>\n\n\n\n<li><strong>Caf\u00e9 \u00c5benr\u00e5 &#8211; (1945)-2006<\/strong>\n<ul class=\"wp-block-list\">\n<li>(1945-1958) &#8211; Frode B\u00f8rresen<\/li>\n\n\n\n<li>2004-2005 &#8211; Sergei Frank<\/li>\n\n\n\n<li>2005-2006 &#8211; Sanne og Kjeld<\/li>\n<\/ul>\n<\/li>\n<\/ul>\n<\/div>\n<\/div>\n\n\n\n<blockquote class=\"wp-block-quote alignwide is-layout-flow wp-block-quote-is-layout-flow\">\n<p class=\"has-drop-cap wp-block-paragraph\"><strong>CAF\u00c9 \u00c5BENR\u00c5<\/strong><br>Gadenavnet stammer faktisk fra, at gaden oprindeligt l\u00e5 lige inden for den gamle \u00d8ster Vold, der f\u00f8rst sl\u00f8jfes i 1647. Navnet kendes tidligst i 1604 som&nbsp;<em>&#8220;Aabenraad&#8221;.<\/em>&nbsp;Det har intet med bynavnet at g\u00f8re, men menes at komme af at der kun l\u00e5 en&nbsp;<em>&#8220;rad&#8221;<\/em>&nbsp;(r\u00e6kke) af sm\u00e5boder p\u00e5 den venstre side af gaden, som var \u00e5ben p\u00e5 den anden side. Denne udvikling af ordet&nbsp;<em>&#8220;rad&#8221;<\/em>&nbsp;til&nbsp;<em>&#8220;r\u00e5&#8221;&nbsp;<\/em>har paralleller med sj\u00e6llandsk.<\/p>\n\n\n\n<p class=\"wp-block-paragraph\">\u00c5benr\u00e5 var en livlig gade, med mange v\u00e6rtshuse. Mange forsvandt i forbindelse med saneringen af \u00c5benr\u00e5, fra Landem\u00e6rket til Hausergade, i 1958-60, og igen i 1970-erne. I \u00c5benr\u00e5 udspandt der sig f\u00f8r Anden Verdenskrig en udbredt prostitution.<\/p>\n\n\n\n<p class=\"wp-block-paragraph\">Den sk\u00e6ve hj\u00f8rneejendom, ved den lille gade indtil Hauser Plads, blev opf\u00f8rt i 1733. Omkring 1800 blev den forh\u00f8jet med en etage. Den blev beskadiget ved det engelske bombardement i 1807. P\u00e5 adressen \u00c5benr\u00e5 23 registrerer Kraks Vejviser i 1932 restaurant&nbsp;<em>\u201dIvigtut\u201d,<\/em>&nbsp;ved Enkefrue E. Andreasen. Ivigtut betyder p\u00e5 gr\u00f8nlandsk&nbsp;<em>&#8220;det gr\u00e6srige sted&#8221;.<\/em><\/p>\n\n\n\n<p class=\"wp-block-paragraph\">Den skifter ca. 1940 navn til&nbsp;<em>\u201dCaf\u00e9 Aabenraa\u201d.&nbsp;<\/em>Det var et udpr\u00e6get lokalv\u00e6rtshus. Det lille vinkellokale, omkring baren med fad\u00f8lsanl\u00e6g, havde borde med r\u00f8dternede duge. Da det var f\u00f8r Google, havde v\u00e6rtshuset en p\u00e6n samling af opslagsv\u00e6rker, s\u00e5 g\u00e6sterne kunne afg\u00f8re uenigheder. Publikum var lokale beboere og ansatte fra kvarterets mange virksomgeder. Der blev ved frokosttid serveret en solid dansk frokost til moderate priser, og g\u00e6sterne kunne l\u00e6se dagens aviser. Det bar \u00e5bningstiden pr\u00e6g af. P\u00e5 hverdage 11.00 til 21.00, l\u00f8rdag 11.00 til 17.00. S\u00f8ndag lukket.<\/p>\n\n\n\n<p class=\"wp-block-paragraph\">Da ejerne Sanne og Kjeld solgte i starten af 2000, og rykkede videre til Teglkroen, lukkede \u00c5benr\u00e5 og blev til kontoer.<\/p>\n\n\n<div class=\"wp-block-image\">\n<figure data-wp-context=\"{&quot;imageId&quot;:&quot;6a94e8b44b887&quot;}\" data-wp-interactive=\"core\/image\" data-wp-key=\"6a94e8b44b887\" class=\"aligncenter size-full wp-lightbox-container\"><img loading=\"lazy\" decoding=\"async\" width=\"843\" height=\"778\" data-wp-class--hide=\"state.isContentHidden\" data-wp-class--show=\"state.isContentVisible\" data-wp-init=\"callbacks.setButtonStyles\" data-wp-on--click=\"actions.showLightbox\" data-wp-on--load=\"callbacks.setButtonStyles\" data-wp-on--pointerdown=\"actions.preloadImage\" data-wp-on--pointerenter=\"actions.preloadImageWithDelay\" data-wp-on--pointerleave=\"actions.cancelPreload\" data-wp-on-window--resize=\"callbacks.setButtonStyles\" src=\"http:\/\/bodega.olhus.dk\/wp-content\/uploads\/2023\/06\/Cafe-Aabenraa.jpg\" alt=\"\" class=\"wp-image-750\" srcset=\"https:\/\/bodega.olhus.dk\/wp-content\/uploads\/2023\/06\/Cafe-Aabenraa.jpg 843w, https:\/\/bodega.olhus.dk\/wp-content\/uploads\/2023\/06\/Cafe-Aabenraa-300x277.jpg 300w, https:\/\/bodega.olhus.dk\/wp-content\/uploads\/2023\/06\/Cafe-Aabenraa-768x709.jpg 768w\" sizes=\"(max-width: 843px) 100vw, 843px\" \/><button\n\t\t\tclass=\"lightbox-trigger\"\n\t\t\ttype=\"button\"\n\t\t\taria-haspopup=\"dialog\"\n\t\t\tdata-wp-bind--aria-label=\"state.thisImage.triggerButtonAriaLabel\"\n\t\t\tdata-wp-init=\"callbacks.initTriggerButton\"\n\t\t\tdata-wp-on--click=\"actions.showLightbox\"\n\t\t\tdata-wp-style--right=\"state.thisImage.buttonRight\"\n\t\t\tdata-wp-style--top=\"state.thisImage.buttonTop\"\n\t\t>\n\t\t\t<svg xmlns=\"http:\/\/www.w3.org\/2000\/svg\" width=\"12\" height=\"12\" fill=\"none\" viewBox=\"0 0 12 12\">\n\t\t\t\t<path fill=\"#fff\" d=\"M2 0a2 2 0 0 0-2 2v2h1.5V2a.5.5 0 0 1 .5-.5h2V0H2Zm2 10.5H2a.5.5 0 0 1-.5-.5V8H0v2a2 2 0 0 0 2 2h2v-1.5ZM8 12v-1.5h2a.5.5 0 0 0 .5-.5V8H12v2a2 2 0 0 1-2 2H8Zm2-12a2 2 0 0 1 2 2v2h-1.5V2a.5.5 0 0 0-.5-.5H8V0h2Z\" \/>\n\t\t\t<\/svg>\n\t\t<\/button><figcaption class=\"wp-element-caption\"><strong>Caf\u00e9 \u00c5benr\u00e5 &#8211; 1997<\/strong><br><em>Foto: Kim Wichmann<\/em><\/figcaption><\/figure>\n<\/div><cite>Fra bogen&nbsp;&#8220;De Ydmyge Steder&#8221;&nbsp;1997 af <a href=\"https:\/\/www.facebook.com\/groups\/1086910964776824\/user\/1086303768\/?__cft__[0]=AZWklg6RvWuj8Eg25945H_mlYxCPntEBdT3gaDhTpZba2pTqGkPnuA3LhO60104DrXVpHTZYiqFOMAZdh_11j-qP012YfJ3f-31tUS1ly64HDk0MbLEJ79K8q7AVmlCPhgGqY8lw75AUaZcCyOvyGaQJ&amp;__tn__=%2CP-R\">Allan Mylius Thomsen<\/a><\/cite><\/blockquote>\n\n\n\n<h2 class=\"wp-block-heading alignfull\">Nr. 24<\/h2>\n\n\n\n<div class=\"wp-block-columns alignwide is-layout-flex wp-container-core-columns-is-layout-8f761849 wp-block-columns-is-layout-flex\">\n<div class=\"wp-block-column is-layout-flow wp-block-column-is-layout-flow\" style=\"flex-basis:100%\">\n<ul class=\"wp-block-list\">\n<li><strong>Kaffe &amp; P\u00f8lsebar &#8211; 1937-1939<\/strong>\n<ul class=\"wp-block-list\">\n<li>1937 &#8211; M. Schultz<\/li>\n\n\n\n<li>1938 &#8211; H. Andersen<\/li>\n\n\n\n<li>1939 &#8211; A. Rygaard Petersen<\/li>\n<\/ul>\n<\/li>\n\n\n\n<li><strong>Kaffebar &#8211; 1940-(1942)<\/strong>\n<ul class=\"wp-block-list\">\n<li>1940-(1942) &#8211; O. Jensen<\/li>\n<\/ul>\n<\/li>\n\n\n\n<li><strong>Ivigtut &#8211; (1946)-1953<\/strong>\n<ul class=\"wp-block-list\">\n<li>()-1946 &#8211; Thyra Brask<\/li>\n\n\n\n<li>1947-1948 &#8211; Hilda Dahlgren<\/li>\n\n\n\n<li>1949-1952 &#8211; Ingeborg Jensen<\/li>\n\n\n\n<li>1953 &#8211; Gerda Westergaard<\/li>\n<\/ul>\n<\/li>\n\n\n\n<li><strong>Kongo-Bar &#8211; 1954-1959<\/strong>\n<ul class=\"wp-block-list\">\n<li>1954-1955 &#8211; Margrethe Moesgaard<\/li>\n\n\n\n<li>1956-1957 &#8211; Inga Lundgaard<\/li>\n\n\n\n<li>1958-1959 &#8211; Hermann Davidsen<\/li>\n<\/ul>\n<\/li>\n<\/ul>\n<\/div>\n<\/div>\n\n\n<div class=\"wp-block-image\">\n<figure data-wp-context=\"{&quot;imageId&quot;:&quot;6a94e8b44ce76&quot;}\" data-wp-interactive=\"core\/image\" data-wp-key=\"6a94e8b44ce76\" class=\"aligncenter size-large wp-lightbox-container\"><img loading=\"lazy\" decoding=\"async\" width=\"768\" height=\"1024\" data-wp-class--hide=\"state.isContentHidden\" data-wp-class--show=\"state.isContentVisible\" data-wp-init=\"callbacks.setButtonStyles\" data-wp-on--click=\"actions.showLightbox\" data-wp-on--load=\"callbacks.setButtonStyles\" data-wp-on--pointerdown=\"actions.preloadImage\" data-wp-on--pointerenter=\"actions.preloadImageWithDelay\" data-wp-on--pointerleave=\"actions.cancelPreload\" data-wp-on-window--resize=\"callbacks.setButtonStyles\" src=\"http:\/\/bodega.olhus.dk\/wp-content\/uploads\/2023\/07\/Aabenraa-24-Kaffe-Baren-768x1024.png\" alt=\"\" class=\"wp-image-1902\" srcset=\"https:\/\/bodega.olhus.dk\/wp-content\/uploads\/2023\/07\/Aabenraa-24-Kaffe-Baren-768x1023.png 768w, https:\/\/bodega.olhus.dk\/wp-content\/uploads\/2023\/07\/Aabenraa-24-Kaffe-Baren-225x300.png 225w, https:\/\/bodega.olhus.dk\/wp-content\/uploads\/2023\/07\/Aabenraa-24-Kaffe-Baren.png 863w\" sizes=\"(max-width: 768px) 100vw, 768px\" \/><button\n\t\t\tclass=\"lightbox-trigger\"\n\t\t\ttype=\"button\"\n\t\t\taria-haspopup=\"dialog\"\n\t\t\tdata-wp-bind--aria-label=\"state.thisImage.triggerButtonAriaLabel\"\n\t\t\tdata-wp-init=\"callbacks.initTriggerButton\"\n\t\t\tdata-wp-on--click=\"actions.showLightbox\"\n\t\t\tdata-wp-style--right=\"state.thisImage.buttonRight\"\n\t\t\tdata-wp-style--top=\"state.thisImage.buttonTop\"\n\t\t>\n\t\t\t<svg xmlns=\"http:\/\/www.w3.org\/2000\/svg\" width=\"12\" height=\"12\" fill=\"none\" viewBox=\"0 0 12 12\">\n\t\t\t\t<path fill=\"#fff\" d=\"M2 0a2 2 0 0 0-2 2v2h1.5V2a.5.5 0 0 1 .5-.5h2V0H2Zm2 10.5H2a.5.5 0 0 1-.5-.5V8H0v2a2 2 0 0 0 2 2h2v-1.5ZM8 12v-1.5h2a.5.5 0 0 0 .5-.5V8H12v2a2 2 0 0 1-2 2H8Zm2-12a2 2 0 0 1 2 2v2h-1.5V2a.5.5 0 0 0-.5-.5H8V0h2Z\" \/>\n\t\t\t<\/svg>\n\t\t<\/button><figcaption class=\"wp-element-caption\"><strong>Kaffe Baren<br><\/strong><em>Foto: K\u00f8benhavns Museum<\/em><\/figcaption><\/figure>\n<\/div>\n\n<div class=\"wp-block-image\">\n<figure data-wp-context=\"{&quot;imageId&quot;:&quot;6a94e8b44d5b5&quot;}\" data-wp-interactive=\"core\/image\" data-wp-key=\"6a94e8b44d5b5\" class=\"aligncenter size-large wp-lightbox-container\"><img loading=\"lazy\" decoding=\"async\" width=\"686\" height=\"1024\" data-wp-class--hide=\"state.isContentHidden\" data-wp-class--show=\"state.isContentVisible\" data-wp-init=\"callbacks.setButtonStyles\" data-wp-on--click=\"actions.showLightbox\" data-wp-on--load=\"callbacks.setButtonStyles\" data-wp-on--pointerdown=\"actions.preloadImage\" data-wp-on--pointerenter=\"actions.preloadImageWithDelay\" data-wp-on--pointerleave=\"actions.cancelPreload\" data-wp-on-window--resize=\"callbacks.setButtonStyles\" src=\"http:\/\/bodega.olhus.dk\/wp-content\/uploads\/2023\/07\/Aabenraa-24-Kongo-bar-1958-686x1024.png\" alt=\"\" class=\"wp-image-2243\" srcset=\"https:\/\/bodega.olhus.dk\/wp-content\/uploads\/2023\/07\/Aabenraa-24-Kongo-bar-1958-686x1024.png 686w, https:\/\/bodega.olhus.dk\/wp-content\/uploads\/2023\/07\/Aabenraa-24-Kongo-bar-1958-201x300.png 201w, https:\/\/bodega.olhus.dk\/wp-content\/uploads\/2023\/07\/Aabenraa-24-Kongo-bar-1958-768x1147.png 768w, https:\/\/bodega.olhus.dk\/wp-content\/uploads\/2023\/07\/Aabenraa-24-Kongo-bar-1958.png 770w\" sizes=\"(max-width: 686px) 100vw, 686px\" \/><button\n\t\t\tclass=\"lightbox-trigger\"\n\t\t\ttype=\"button\"\n\t\t\taria-haspopup=\"dialog\"\n\t\t\tdata-wp-bind--aria-label=\"state.thisImage.triggerButtonAriaLabel\"\n\t\t\tdata-wp-init=\"callbacks.initTriggerButton\"\n\t\t\tdata-wp-on--click=\"actions.showLightbox\"\n\t\t\tdata-wp-style--right=\"state.thisImage.buttonRight\"\n\t\t\tdata-wp-style--top=\"state.thisImage.buttonTop\"\n\t\t>\n\t\t\t<svg xmlns=\"http:\/\/www.w3.org\/2000\/svg\" width=\"12\" height=\"12\" fill=\"none\" viewBox=\"0 0 12 12\">\n\t\t\t\t<path fill=\"#fff\" d=\"M2 0a2 2 0 0 0-2 2v2h1.5V2a.5.5 0 0 1 .5-.5h2V0H2Zm2 10.5H2a.5.5 0 0 1-.5-.5V8H0v2a2 2 0 0 0 2 2h2v-1.5ZM8 12v-1.5h2a.5.5 0 0 0 .5-.5V8H12v2a2 2 0 0 1-2 2H8Zm2-12a2 2 0 0 1 2 2v2h-1.5V2a.5.5 0 0 0-.5-.5H8V0h2Z\" \/>\n\t\t\t<\/svg>\n\t\t<\/button><figcaption class=\"wp-element-caption\"><strong>Kongo-bar &#8211; 1958<br><\/strong><em>Foto: K\u00f8benhavns Museum<\/em><\/figcaption><\/figure>\n<\/div>\n\n\n<h2 class=\"wp-block-heading alignfull\">Nr. 33<\/h2>\n\n\n\n<div class=\"wp-block-columns alignwide is-layout-flex wp-container-core-columns-is-layout-8f761849 wp-block-columns-is-layout-flex\">\n<div class=\"wp-block-column is-layout-flow wp-block-column-is-layout-flow\" style=\"flex-basis:100%\">\n<ul class=\"wp-block-list\">\n<li><strong>Garderkroen &#8211; 1935-1963<\/strong>\n<ul class=\"wp-block-list\">\n<li>1935 &#8211; E. Nordal<\/li>\n\n\n\n<li>1936-1938 &#8211; Kai Thygesen<\/li>\n\n\n\n<li>1939-1941 &#8211; Julius Jensen<\/li>\n\n\n\n<li>1942-1950 &#8211; Knud A. Andersen<\/li>\n\n\n\n<li>1951 &#8211; V. Nielsen<\/li>\n\n\n\n<li>1952-1957 &#8211; Kirstine J\u00e6ger Nielsen<\/li>\n\n\n\n<li>1958 &#8211; Ib Ove Nilsson<\/li>\n\n\n\n<li>1959-???? &#8211; B\u00f8rge Juhl Petersen<\/li>\n<\/ul>\n<\/li>\n\n\n\n<li><strong>Lille Rosenborg &#8211; 1964-1967<\/strong>\n<ul class=\"wp-block-list\">\n<li>1965-1967 &#8211; Louis Hvingtoft<\/li>\n<\/ul>\n<\/li>\n\n\n\n<li><strong>Pink-Club &#8211; 1968-1974<\/strong>\n<ul class=\"wp-block-list\">\n<li>1968-(1972) &#8211; K. H\u00f8jlund<\/li>\n<\/ul>\n<\/li>\n\n\n\n<li><strong>Starlight &#8211; 1975<\/strong><\/li>\n\n\n\n<li><strong>Captain Morgan &#8211; 1976<\/strong><\/li>\n\n\n\n<li><strong>Lille Rosenborg &#8211; 1977-1981<\/strong><\/li>\n<\/ul>\n<\/div>\n<\/div>\n\n\n<div class=\"wp-block-image\">\n<figure data-wp-context=\"{&quot;imageId&quot;:&quot;6a94e8b44df1c&quot;}\" data-wp-interactive=\"core\/image\" data-wp-key=\"6a94e8b44df1c\" class=\"aligncenter size-large is-resized wp-lightbox-container\"><img loading=\"lazy\" decoding=\"async\" width=\"768\" height=\"1024\" data-wp-class--hide=\"state.isContentHidden\" data-wp-class--show=\"state.isContentVisible\" data-wp-init=\"callbacks.setButtonStyles\" data-wp-on--click=\"actions.showLightbox\" data-wp-on--load=\"callbacks.setButtonStyles\" data-wp-on--pointerdown=\"actions.preloadImage\" data-wp-on--pointerenter=\"actions.preloadImageWithDelay\" data-wp-on--pointerleave=\"actions.cancelPreload\" data-wp-on-window--resize=\"callbacks.setButtonStyles\" src=\"http:\/\/bodega.olhus.dk\/wp-content\/uploads\/2023\/07\/Aabenraa-33-Garderkroen-1950-768x1024.png\" alt=\"\" class=\"wp-image-2080\" style=\"width:610px;height:auto\" srcset=\"https:\/\/bodega.olhus.dk\/wp-content\/uploads\/2023\/07\/Aabenraa-33-Garderkroen-1950-768x1025.png 768w, https:\/\/bodega.olhus.dk\/wp-content\/uploads\/2023\/07\/Aabenraa-33-Garderkroen-1950-225x300.png 225w, https:\/\/bodega.olhus.dk\/wp-content\/uploads\/2023\/07\/Aabenraa-33-Garderkroen-1950.png 862w\" sizes=\"(max-width: 768px) 100vw, 768px\" \/><button\n\t\t\tclass=\"lightbox-trigger\"\n\t\t\ttype=\"button\"\n\t\t\taria-haspopup=\"dialog\"\n\t\t\tdata-wp-bind--aria-label=\"state.thisImage.triggerButtonAriaLabel\"\n\t\t\tdata-wp-init=\"callbacks.initTriggerButton\"\n\t\t\tdata-wp-on--click=\"actions.showLightbox\"\n\t\t\tdata-wp-style--right=\"state.thisImage.buttonRight\"\n\t\t\tdata-wp-style--top=\"state.thisImage.buttonTop\"\n\t\t>\n\t\t\t<svg xmlns=\"http:\/\/www.w3.org\/2000\/svg\" width=\"12\" height=\"12\" fill=\"none\" viewBox=\"0 0 12 12\">\n\t\t\t\t<path fill=\"#fff\" d=\"M2 0a2 2 0 0 0-2 2v2h1.5V2a.5.5 0 0 1 .5-.5h2V0H2Zm2 10.5H2a.5.5 0 0 1-.5-.5V8H0v2a2 2 0 0 0 2 2h2v-1.5ZM8 12v-1.5h2a.5.5 0 0 0 .5-.5V8H12v2a2 2 0 0 1-2 2H8Zm2-12a2 2 0 0 1 2 2v2h-1.5V2a.5.5 0 0 0-.5-.5H8V0h2Z\" \/>\n\t\t\t<\/svg>\n\t\t<\/button><figcaption class=\"wp-element-caption\"><strong>Garderkroen &#8211; 1950<br><\/strong><em>Foto: K\u00f8benhavns Stadsarkiv<\/em><\/figcaption><\/figure>\n<\/div>","protected":false},"excerpt":{"rendered":"<p>Nr. 3 Nr. 8 Nr. 23 Nr. 24 Nr. 33<\/p>\n","protected":false},"author":1,"featured_media":0,"comment_status":"open","ping_status":"open","sticky":false,"template":"","format":"standard","meta":{"ngg_post_thumbnail":0,"footnotes":""},"categories":[5],"tags":[],"class_list":["post-749","post","type-post","status-publish","format-standard","hentry","category-indre-by"],"_links":{"self":[{"href":"https:\/\/bodega.olhus.dk\/index.php?rest_route=\/wp\/v2\/posts\/749","targetHints":{"allow":["GET"]}}],"collection":[{"href":"https:\/\/bodega.olhus.dk\/index.php?rest_route=\/wp\/v2\/posts"}],"about":[{"href":"https:\/\/bodega.olhus.dk\/index.php?rest_route=\/wp\/v2\/types\/post"}],"author":[{"embeddable":true,"href":"https:\/\/bodega.olhus.dk\/index.php?rest_route=\/wp\/v2\/users\/1"}],"replies":[{"embeddable":true,"href":"https:\/\/bodega.olhus.dk\/index.php?rest_route=%2Fwp%2Fv2%2Fcomments&post=749"}],"version-history":[{"count":130,"href":"https:\/\/bodega.olhus.dk\/index.php?rest_route=\/wp\/v2\/posts\/749\/revisions"}],"predecessor-version":[{"id":21138,"href":"https:\/\/bodega.olhus.dk\/index.php?rest_route=\/wp\/v2\/posts\/749\/revisions\/21138"}],"wp:attachment":[{"href":"https:\/\/bodega.olhus.dk\/index.php?rest_route=%2Fwp%2Fv2%2Fmedia&parent=749"}],"wp:term":[{"taxonomy":"category","embeddable":true,"href":"https:\/\/bodega.olhus.dk\/index.php?rest_route=%2Fwp%2Fv2%2Fcategories&post=749"},{"taxonomy":"post_tag","embeddable":true,"href":"https:\/\/bodega.olhus.dk\/index.php?rest_route=%2Fwp%2Fv2%2Ftags&post=749"}],"curies":[{"name":"wp","href":"https:\/\/api.w.org\/{rel}","templated":true}]}}